{"id":260602,"date":"2019-01-31T19:34:47","date_gmt":"2019-01-31T18:34:47","guid":{"rendered":"http:\/\/www.pcnen.com\/portal\/?p=260602"},"modified":"2019-01-31T19:35:12","modified_gmt":"2019-01-31T18:35:12","slug":"moguci-pljuskovi-i-grmljavina","status":"publish","type":"post","link":"https:\/\/www.pcnen.com\/portal\/2019\/01\/31\/moguci-pljuskovi-i-grmljavina\/","title":{"rendered":"Mogu\u0107i pljuskovi i grmljavina"},"content":{"rendered":"<p><img loading=\"lazy\" decoding=\"async\" class=\"alignright size-medium wp-image-195656\" src=\"http:\/\/www.pcnen.com\/portal\/wp-content\/uploads\/2015\/12\/magla-300x220.jpg\" alt=\"\" width=\"300\" height=\"220\" \/>U petak \u0107e biti umjereno do potpuno obla\u010dno, povremeno sa ki\u0161om u ju\u017enim i centralnim krajevima Crne Gore. Mogu\u0107i su pljuskovi i grmljavina. Vi\u0161e padavina bi\u0107e u drugom dijelu dana i tokom no\u0107i.<\/p>\n<p>Na sjeveru zemlje ujutru \u0107e ponegdje padati slab snijeg, a po kotlinama \u0107e biti i magla. Tokom dana bi\u0107e dosta suvog vremena.<\/p>\n<p>Vjetar ju\u017eni bi\u0107e umjeren do jak, a povremeno na udare i veoma jak.<\/p>\n<p>Jutarnja temperatura vazduha bi\u0107e u rasponu od -3 do 9, a najvi\u0161a dnevna od 4 do 14 stepeni.<\/p>\n<p>U Podgorici \u0107e biti umjereno do potpuno obla\u010dno, povremeno sa ki\u0161om. Krajem dana i tokom no\u0107i bi\u0107e mogu\u0107i i pljuskovi sa grmljavinom. Jutarnja temperatura vazduha bi\u0107e oko 5, a najvi\u0161a dnevna do 11 stepeni.<\/p>\n<p><a href=\"http:\/\/www.meteo.co.me\/misc.php?text=121&amp;sektor=1&amp;grad=ZAB\">Prognoza za ostale gradove.<\/a><\/p>\n","protected":false},"excerpt":{"rendered":"<p>Na sjeveru Crne Gore ujutru \u0107e ponegdje padati slab snijeg, a po kotlinama \u0107e biti magla<\/p>\n","protected":false},"author":1,"featured_media":0,"comment_status":"open","ping_status":"closed","sticky":false,"template":"","format":"standard","meta":{"_seopress_robots_primary_cat":"","_seopress_titles_title":"","_seopress_titles_desc":"","_seopress_robots_index":"","_et_pb_use_builder":"","_et_pb_old_content":"","_et_gb_content_width":"","inline_featured_image":false,"footnotes":""},"categories":[14,12],"tags":[],"class_list":["post-260602","post","type-post","status-publish","format-standard","hentry","category-vijesti","category-prica-dana"],"_links":{"self":[{"href":"https:\/\/www.pcnen.com\/portal\/wp-json\/wp\/v2\/posts\/260602","targetHints":{"allow":["GET"]}}],"collection":[{"href":"https:\/\/www.pcnen.com\/portal\/wp-json\/wp\/v2\/posts"}],"about":[{"href":"https:\/\/www.pcnen.com\/portal\/wp-json\/wp\/v2\/types\/post"}],"author":[{"embeddable":true,"href":"https:\/\/www.pcnen.com\/portal\/wp-json\/wp\/v2\/users\/1"}],"replies":[{"embeddable":true,"href":"https:\/\/www.pcnen.com\/portal\/wp-json\/wp\/v2\/comments?post=260602"}],"version-history":[{"count":0,"href":"https:\/\/www.pcnen.com\/portal\/wp-json\/wp\/v2\/posts\/260602\/revisions"}],"wp:attachment":[{"href":"https:\/\/www.pcnen.com\/portal\/wp-json\/wp\/v2\/media?parent=260602"}],"wp:term":[{"taxonomy":"category","embeddable":true,"href":"https:\/\/www.pcnen.com\/portal\/wp-json\/wp\/v2\/categories?post=260602"},{"taxonomy":"post_tag","embeddable":true,"href":"https:\/\/www.pcnen.com\/portal\/wp-json\/wp\/v2\/tags?post=260602"}],"curies":[{"name":"wp","href":"https:\/\/api.w.org\/{rel}","templated":true}]}}