{"id":260497,"date":"2019-01-29T13:03:53","date_gmt":"2019-01-29T12:03:53","guid":{"rendered":"http:\/\/www.pcnen.com\/portal\/?p=260497"},"modified":"2019-01-29T16:29:26","modified_gmt":"2019-01-29T15:29:26","slug":"barani-sprijecili-uklanjanje-posijecenih-cempresa","status":"publish","type":"post","link":"https:\/\/www.pcnen.com\/portal\/2019\/01\/29\/barani-sprijecili-uklanjanje-posijecenih-cempresa\/","title":{"rendered":"Barani sprije\u010dili uklanjanje posije\u010denih \u010dempresa"},"content":{"rendered":"<p><div id=\"attachment_259823\" style=\"width: 310px\" class=\"wp-caption alignright\"><img loading=\"lazy\" decoding=\"async\" aria-describedby=\"caption-attachment-259823\" src=\"http:\/\/www.pcnen.com\/portal\/wp-content\/uploads\/2019\/01\/cempresi-bar-300x176.jpg\" alt=\"\" width=\"300\" height=\"176\" class=\"size-medium wp-image-259823\" srcset=\"https:\/\/www.pcnen.com\/portal\/wp-content\/uploads\/2019\/01\/cempresi-bar.jpg 300w, https:\/\/www.pcnen.com\/portal\/wp-content\/uploads\/2019\/01\/cempresi-bar-235x138.jpg 235w, https:\/\/www.pcnen.com\/portal\/wp-content\/uploads\/2019\/01\/cempresi-bar-75x44.jpg 75w, https:\/\/www.pcnen.com\/portal\/wp-content\/uploads\/2019\/01\/cempresi-bar-220x129.jpg 220w\" sizes=\"(max-width: 300px) 100vw, 300px\" \/><p id=\"caption-attachment-259823\" class=\"wp-caption-text\">Foto: Jedro.com<\/p><\/div>Barski gra\u0111anski aktivisti su sprije\u010dili  kamione da iz ogra\u0111enog dijela dvori\u0161ta iznese posje\u010dene \u010demprese.<\/p>\n<p>Mirsad Kurga\u0161 iz grupe SOS za Montenegro podsjetio je radnike da &#8220;postoji osnovana sumnja da je taj teret nastao izvr\u0161enjem krivi\u010dnog djela&#8221; zbog kojeg je SOS za Montenegro i podnio krivi\u010dnu prijavu pro\u0161le sedmice, prenosi portal Vijesti.<\/p>\n<p>Radnici su nakon kra\u0107eg razgovora istovarili kamion i ostavili grane unutar ogra\u0111enog dijela dvori\u0161ta.<\/p>\n","protected":false},"excerpt":{"rendered":"<p>Barski gra\u0111anski aktivisti su sprije\u010dili kamione da iz ogra\u0111enog dijela dvori\u0161ta iznese posje\u010dene \u010demprese. Mirsad Kurga\u0161 iz grupe SOS za Montenegro podsjetio je radnike da &#8220;postoji osnovana sumnja da je taj teret nastao izvr\u0161enjem krivi\u010dnog djela&#8221; zbog kojeg je SOS za Montenegro i podnio krivi\u010dnu prijavu pro\u0161le sedmice, prenosi portal Vijesti. Radnici su nakon kra\u0107eg [&hellip;]<\/p>\n","protected":false},"author":1,"featured_media":259823,"comment_status":"open","ping_status":"closed","sticky":false,"template":"","format":"standard","meta":{"_seopress_robots_primary_cat":"","_seopress_titles_title":"","_seopress_titles_desc":"","_seopress_robots_index":"","_et_pb_use_builder":"","_et_pb_old_content":"","_et_gb_content_width":"","inline_featured_image":false,"footnotes":""},"categories":[14,12],"tags":[],"class_list":["post-260497","post","type-post","status-publish","format-standard","has-post-thumbnail","hentry","category-vijesti","category-prica-dana"],"_links":{"self":[{"href":"https:\/\/www.pcnen.com\/portal\/wp-json\/wp\/v2\/posts\/260497","targetHints":{"allow":["GET"]}}],"collection":[{"href":"https:\/\/www.pcnen.com\/portal\/wp-json\/wp\/v2\/posts"}],"about":[{"href":"https:\/\/www.pcnen.com\/portal\/wp-json\/wp\/v2\/types\/post"}],"author":[{"embeddable":true,"href":"https:\/\/www.pcnen.com\/portal\/wp-json\/wp\/v2\/users\/1"}],"replies":[{"embeddable":true,"href":"https:\/\/www.pcnen.com\/portal\/wp-json\/wp\/v2\/comments?post=260497"}],"version-history":[{"count":0,"href":"https:\/\/www.pcnen.com\/portal\/wp-json\/wp\/v2\/posts\/260497\/revisions"}],"wp:featuredmedia":[{"embeddable":true,"href":"https:\/\/www.pcnen.com\/portal\/wp-json\/wp\/v2\/media\/259823"}],"wp:attachment":[{"href":"https:\/\/www.pcnen.com\/portal\/wp-json\/wp\/v2\/media?parent=260497"}],"wp:term":[{"taxonomy":"category","embeddable":true,"href":"https:\/\/www.pcnen.com\/portal\/wp-json\/wp\/v2\/categories?post=260497"},{"taxonomy":"post_tag","embeddable":true,"href":"https:\/\/www.pcnen.com\/portal\/wp-json\/wp\/v2\/tags?post=260497"}],"curies":[{"name":"wp","href":"https:\/\/api.w.org\/{rel}","templated":true}]}}