{"id":260457,"date":"2019-01-28T19:39:43","date_gmt":"2019-01-28T18:39:43","guid":{"rendered":"http:\/\/www.pcnen.com\/portal\/?p=260457"},"modified":"2021-11-02T12:35:01","modified_gmt":"2021-11-02T11:35:01","slug":"mc-smatra-da-su-prekrsena-dva-bitna-principa-u-emisiji-ziva-istina","status":"publish","type":"post","link":"https:\/\/www.pcnen.com\/portal\/2019\/01\/28\/mc-smatra-da-su-prekrsena-dva-bitna-principa-u-emisiji-ziva-istina\/","title":{"rendered":"MC smatra da su prekr\u0161ena dva bitna principa u emisiji \u2018\u017diva istina\u2019"},"content":{"rendered":"<p>Media centar je danas uputio prigovor Komisiji za predstavne i \u017ealbe RTCG povodom kr\u0161enja pojedinih profesionalnih principa i standarda RTCG u emisiji <a href=\"https:\/\/www.youtube.com\/watch?v=Xf_xwkPCjeg\" target=\"_blank\" rel=\"noopener\">&#8216;\u017diva istina&#8217;<\/a>, emitovanoj 25. januara 2019. godine, kasnije repriziranoj i objavljenoj na dru\u0161tvenoj mre\u017ei Youtube.<\/p>\n<p>Prema procjeni Media centra, do\u0161lo je do kr\u0161enja profesionalnog principa koji se odnose na kredibilitet i pravi\u010dnost.<\/p>\n<p>U pomenutoj emisiji je gostovao advokat Zoran Piperovi\u0107, koji je najavljen kao branilac predsjednika Atlas grupe Du\u0161ka Kne\u017eevi\u0107a, osumnji\u010denog u Crnoj Gori za vi\u0161e krivi\u010dnih djela. Media centar smatra da su prekr\u0161ena dva bitna programska principa time \u0161to gledaocima nije blagovremeno saop\u0161teno da je Kne\u017eevi\u0107 ukinuo punomo\u0107je \u010detiri dana uo\u010di sporne emisije \u201c\u017diva istina\u201d, iako su to morali znati i autor emisije, novinar Darko \u0160ukovi\u0107 i njegov sagovornik, advokat Piperovi\u0107.<\/p>\n<p>\u201cU emisiji je gost iznosio svoje stavove u vezi sa aferom \u2018Atlas\u2019, a njegove izjave imale su dodatnu te\u017einu jer je najavljen kao branilac gospodina Kne\u017eevi\u0107a. Da je javnost tokom same emisije upoznata sa tada ve\u0107 javnom \u010dinjenicom da gost u emisiji nije vi\u0161e branilac gospodina Kne\u017eevi\u0107a, javnost bi bila u prilici da mo\u017eda formira druga\u010diji stav u odnosu na izgovoreno. Tako\u0111e, ukoliko je prekr\u0161aj u\u010dinjen nenamjerno, na to se moglo ukazati prije repriziranja emisije ili kasnije u obra\u0107anju javnosti kroz izvinjenje, \u010dime bi bila otklonjena sumnje u mogu\u0107e namjerno obmanjivanja javnosti\u201d, konstatovao je Media centar u prigovoru.<\/p>\n","protected":false},"excerpt":{"rendered":"<p>Prema procjeni Media centra, do\u0161lo je do kr\u0161enja profesionalnog principa koji se odnose na kredibilitet i pravi\u010dnost.<\/p>\n","protected":false},"author":1,"featured_media":0,"comment_status":"open","ping_status":"closed","sticky":false,"template":"","format":"standard","meta":{"_seopress_robots_primary_cat":"","_seopress_titles_title":"","_seopress_titles_desc":"","_seopress_robots_index":"","_et_pb_use_builder":"","_et_pb_old_content":"","_et_gb_content_width":"","inline_featured_image":false,"footnotes":""},"categories":[14],"tags":[],"class_list":["post-260457","post","type-post","status-publish","format-standard","hentry","category-vijesti"],"_links":{"self":[{"href":"https:\/\/www.pcnen.com\/portal\/wp-json\/wp\/v2\/posts\/260457","targetHints":{"allow":["GET"]}}],"collection":[{"href":"https:\/\/www.pcnen.com\/portal\/wp-json\/wp\/v2\/posts"}],"about":[{"href":"https:\/\/www.pcnen.com\/portal\/wp-json\/wp\/v2\/types\/post"}],"author":[{"embeddable":true,"href":"https:\/\/www.pcnen.com\/portal\/wp-json\/wp\/v2\/users\/1"}],"replies":[{"embeddable":true,"href":"https:\/\/www.pcnen.com\/portal\/wp-json\/wp\/v2\/comments?post=260457"}],"version-history":[{"count":1,"href":"https:\/\/www.pcnen.com\/portal\/wp-json\/wp\/v2\/posts\/260457\/revisions"}],"predecessor-version":[{"id":331480,"href":"https:\/\/www.pcnen.com\/portal\/wp-json\/wp\/v2\/posts\/260457\/revisions\/331480"}],"wp:attachment":[{"href":"https:\/\/www.pcnen.com\/portal\/wp-json\/wp\/v2\/media?parent=260457"}],"wp:term":[{"taxonomy":"category","embeddable":true,"href":"https:\/\/www.pcnen.com\/portal\/wp-json\/wp\/v2\/categories?post=260457"},{"taxonomy":"post_tag","embeddable":true,"href":"https:\/\/www.pcnen.com\/portal\/wp-json\/wp\/v2\/tags?post=260457"}],"curies":[{"name":"wp","href":"https:\/\/api.w.org\/{rel}","templated":true}]}}