{"id":260451,"date":"2019-01-28T16:17:38","date_gmt":"2019-01-28T15:17:38","guid":{"rendered":"http:\/\/www.pcnen.com\/portal\/?p=260451"},"modified":"2019-01-28T16:17:38","modified_gmt":"2019-01-28T15:17:38","slug":"policija-upala-u-a1-televiziju","status":"publish","type":"post","link":"https:\/\/www.pcnen.com\/portal\/2019\/01\/28\/policija-upala-u-a1-televiziju\/","title":{"rendered":"Policija upala u A1 televiziju"},"content":{"rendered":"<p><img loading=\"lazy\" decoding=\"async\" class=\"alignright size-medium wp-image-107087\" src=\"http:\/\/www.pcnen.com\/portal\/wp-content\/uploads\/2013\/02\/stop-policija-300x154.jpg\" alt=\"\" width=\"300\" height=\"154\" \/>Pripadnici policije iz odjeljenja za privredni kriminal su u\u0161li danas oko 14 sati u A1 televiziju, \u010diji je vlasnik Du\u0161ko Kne\u017eevi\u0107, osumnji\u010den za pranje novca i druga krivi\u010dna djela.<\/p>\n<p>Pres centar Atlas grupe je saop\u0161tio da \u201cnije jasno koji je formalni povod upada policije\u201d, ali da je \u201cpozadina o\u010digledna\u201d.<\/p>\n<p>&#8220;Ja sam svjestan svih posljedica koje donosi suprotstavljanje diktatoru. I spreman sam na njih. Ne znaju\u0107i kako da se suprotstave meni odlu\u010dili su da maltretiraju moje saradnike, \u0161to je parksa koja traje ve\u0107 godinu ipo, od oktobra 2017. kada su uhapsili moje voza\u010de i dr\u017eali ih u pritvoru ni krive ni du\u017ene. Diktator i njegovi poslu\u0161nici, odnosno sau\u010desnici, koji sada mene love uskoro \u0107e sami postati lovina&#8221;, saop\u0161tio je predsjednik Atlas Grupe dr Du\u0161ko Kne\u017eevi\u0107.<\/p>\n<p>Kne\u017eevi\u0107, koji se nalazi u inostranstvu i za kojim se raspisana nacionalna potjernica, ve\u0107 du\u017ee direktno optu\u017euje predsjednika Crne Gore Mila \u0110ukanovi\u0107a i njegove saradnike za korupciju, ne skrivaju\u0107i svoje sau\u010desni\u0161tvo u tome.<\/p>\n<p>Kne\u017eevi\u0107 se u petak ve\u010de, posredstvom skajpa, uklju\u010dio u emisiju na svojoj televiziji i iznio nove optu\u017ebe na ra\u010dun predsjednika \u0110ukanovi\u0107a.<\/p>\n","protected":false},"excerpt":{"rendered":"<p>Pripadnici policije iz odjeljenja za privredni kriminal su u\u0161li danas oko 14 sati u A1 televiziju, \u010diji je vlasnik Du\u0161ko Kne\u017eevi\u0107, osumnji\u010den za pranje novca i druga krivi\u010dna djela. Pres centar Atlas grupe je saop\u0161tio da \u201cnije jasno koji je formalni povod upada policije\u201d, ali da je \u201cpozadina o\u010digledna\u201d. &#8220;Ja sam svjestan svih posljedica koje [&hellip;]<\/p>\n","protected":false},"author":1,"featured_media":0,"comment_status":"open","ping_status":"closed","sticky":false,"template":"","format":"standard","meta":{"_seopress_robots_primary_cat":"","_seopress_titles_title":"","_seopress_titles_desc":"","_seopress_robots_index":"","_et_pb_use_builder":"","_et_pb_old_content":"","_et_gb_content_width":"","inline_featured_image":false,"footnotes":""},"categories":[14,12],"tags":[],"class_list":["post-260451","post","type-post","status-publish","format-standard","hentry","category-vijesti","category-prica-dana"],"_links":{"self":[{"href":"https:\/\/www.pcnen.com\/portal\/wp-json\/wp\/v2\/posts\/260451","targetHints":{"allow":["GET"]}}],"collection":[{"href":"https:\/\/www.pcnen.com\/portal\/wp-json\/wp\/v2\/posts"}],"about":[{"href":"https:\/\/www.pcnen.com\/portal\/wp-json\/wp\/v2\/types\/post"}],"author":[{"embeddable":true,"href":"https:\/\/www.pcnen.com\/portal\/wp-json\/wp\/v2\/users\/1"}],"replies":[{"embeddable":true,"href":"https:\/\/www.pcnen.com\/portal\/wp-json\/wp\/v2\/comments?post=260451"}],"version-history":[{"count":0,"href":"https:\/\/www.pcnen.com\/portal\/wp-json\/wp\/v2\/posts\/260451\/revisions"}],"wp:attachment":[{"href":"https:\/\/www.pcnen.com\/portal\/wp-json\/wp\/v2\/media?parent=260451"}],"wp:term":[{"taxonomy":"category","embeddable":true,"href":"https:\/\/www.pcnen.com\/portal\/wp-json\/wp\/v2\/categories?post=260451"},{"taxonomy":"post_tag","embeddable":true,"href":"https:\/\/www.pcnen.com\/portal\/wp-json\/wp\/v2\/tags?post=260451"}],"curies":[{"name":"wp","href":"https:\/\/api.w.org\/{rel}","templated":true}]}}