{"id":260448,"date":"2019-01-28T13:57:09","date_gmt":"2019-01-28T12:57:09","guid":{"rendered":"http:\/\/www.pcnen.com\/portal\/?p=260448"},"modified":"2019-01-28T14:22:58","modified_gmt":"2019-01-28T13:22:58","slug":"ministarstvo-prosvjete-vrtic-u-baru-ce-se-graditi","status":"publish","type":"post","link":"https:\/\/www.pcnen.com\/portal\/2019\/01\/28\/ministarstvo-prosvjete-vrtic-u-baru-ce-se-graditi\/","title":{"rendered":"Ministarstvo prosvjete: Vrti\u0107 u Baru \u0107e se graditi"},"content":{"rendered":"<p><div id=\"attachment_259823\" style=\"width: 310px\" class=\"wp-caption alignright\"><img loading=\"lazy\" decoding=\"async\" aria-describedby=\"caption-attachment-259823\" src=\"http:\/\/www.pcnen.com\/portal\/wp-content\/uploads\/2019\/01\/cempresi-bar-300x176.jpg\" alt=\"\" width=\"300\" height=\"176\" class=\"size-medium wp-image-259823\" srcset=\"https:\/\/www.pcnen.com\/portal\/wp-content\/uploads\/2019\/01\/cempresi-bar.jpg 300w, https:\/\/www.pcnen.com\/portal\/wp-content\/uploads\/2019\/01\/cempresi-bar-235x138.jpg 235w, https:\/\/www.pcnen.com\/portal\/wp-content\/uploads\/2019\/01\/cempresi-bar-75x44.jpg 75w, https:\/\/www.pcnen.com\/portal\/wp-content\/uploads\/2019\/01\/cempresi-bar-220x129.jpg 220w\" sizes=\"(max-width: 300px) 100vw, 300px\" \/><p id=\"caption-attachment-259823\" class=\"wp-caption-text\">Foto: Jedro.com<\/p><\/div>Vrti\u0107 u Baru \u0107e se graditi zato \u0161to je to dr\u017eavni projekat, iza koga stoje godine priprema i najbolje namjere, proiza\u0161le upravo iz peticije gra\u0111ana, poru\u010dili su iz Ministarstva prosvjete.<\/p>\n<p>Rije\u010d je o kapitalnom projektu za koji je izdvojeno 2,5 miliona eura, ne zbog toga \u0161to dr\u017eava novca ima na pretek, nego da bi se na taj na\u010din kona\u010dno rije\u0161io decenijski problem prebukiranosti pred\u0161kolskih ustanova, koji je nakon Glavnog grada, u Baru najizra\u017eeniji,<a href=\"http:\/\/www.gov.me\/naslovna\/vijesti-iz-ministarstava\/195654\/Vrtic-u-Baru-je-drzavni-projekat-iza-koga-stoje-godine-priprema-i-najbolje-namjere.html\"> pi\u0161e u saop\u0161tenju objavljenom na sajtu Ministarstva. <\/a><\/p>\n<p>&#8220;Vrti\u0107 \u0107e se graditi i zbog toga \u0161to je nedavnim odbijanjem inicijative za prekid gradnje, Skup\u0161tina Op\u0161tine Bar jasno iskazala svoj stav na tu temu i time razrije\u0161ila poslednju dilemu te vrste. Tako\u0111e, svaki dr\u017eavni i op\u0161tinski organ koji je bio uklju\u010den u sprovo\u0111enje ovog projekta, stoje iza sopstvenog u\u010de\u0161\u0107a u istom: Op\u0161tina Bar koja je planskim dokumentima odredila, a zatim i potvrdila lokaciju predvi\u0111enu za gradnju vrti\u0107a. Ministarstvo odr\u017eivog razvoja i turizma koje je u dva navrata izdalo gra\u0111evinsku dozvolu. Direkcija javnih radova koja je odgovorna za realizaciju projekta, u smislu raspisivanja tendera, izbora izvo\u0111a\u010da radova i pra\u0107enje kvaliteta gradnje i po\u0161tovanja standarda. Ministarstvo prosvjete i Vlada Crne Gore kao investitori koji su planirali sredstva za ovu namjenu, kako bi se rije\u0161io problem prebukiranosti sa kojim se srije\u0107u na\u0161i najmla\u0111i i njihovi roditelji u Baru&#8221;, pi\u0161e u saop\u0161tenju.<\/p>\n<p>Nneta\u010dna je informacija da se vrti\u0107 u Baru gradi kako bi se za potrebe tr\u017ei\u0161ta oslobodila druga parcela pored CB Bar, na kojoj se trenutno nalazi uprava vrti\u0107a.<\/p>\n<p>&#8220;Jasno \u017eelimo da saop\u0161timo da Ministarstvo prosvjete ne\u0107e dozvoliti bilo kakve &#8220;trampe&#8221; te vrste, te se gradnjom ovog vrti\u0107a ne\u0107e zatvarati bilo koja druga pred\u0161kolska jedinica, iako vjerujemo da to nikom i nije bila namjera. Zato ni Ministarstvo prosvjete niti bilo ko drugi nema pravo da diskrecionom odlukom poni\u0161ti sve vi\u0161egodi\u0161nje, prethodno donijete odluke, ve\u0107 \u0107e nepopulisti\u010dki, kao i svi drugi koji su dali doprinos pomenutom projektu, u\u010destvovati u sprovo\u0111enju tih zajedni\u010dkih, zakonitih odluka&#8221;, pi\u0161e u saop\u0161tenju.<\/p>\n<p>Iz Ministarstva prosvjete poru\u010duju da plan poput ovog o izgradnji vrti\u0107a &#8220;treba da ujedinjuje i sprovodi se sa entuzijazmom, a ne da dijeli i izaziva politi\u010dke debate&#8221;.  <\/p>\n<p>Gra\u0111ani Bara danima protestuju zbog sje\u010de vi\u0161e od 80 stabala \u010dempresa u dvori\u0161tu gimnazije Niko Rolovi\u0107. Oni se ne protive izgradnji vrti\u0107a, ve\u0107 tra\u017ee da se prona\u0111e nova lokacija za njegovu gradnju.<\/p>\n","protected":false},"excerpt":{"rendered":"<p>Vrti\u0107 u Baru \u0107e se graditi zato \u0161to je to dr\u017eavni projekat, iza koga stoje godine priprema i najbolje namjere, proiza\u0161le upravo iz peticije gra\u0111ana, poru\u010dili su iz Ministarstva prosvjete. Rije\u010d je o kapitalnom projektu za koji je izdvojeno 2,5 miliona eura, ne zbog toga \u0161to dr\u017eava novca ima na pretek, nego da bi se [&hellip;]<\/p>\n","protected":false},"author":1,"featured_media":259823,"comment_status":"open","ping_status":"closed","sticky":false,"template":"","format":"standard","meta":{"_seopress_robots_primary_cat":"","_seopress_titles_title":"","_seopress_titles_desc":"","_seopress_robots_index":"","_et_pb_use_builder":"","_et_pb_old_content":"","_et_gb_content_width":"","inline_featured_image":false,"footnotes":""},"categories":[14,12],"tags":[],"class_list":["post-260448","post","type-post","status-publish","format-standard","has-post-thumbnail","hentry","category-vijesti","category-prica-dana"],"_links":{"self":[{"href":"https:\/\/www.pcnen.com\/portal\/wp-json\/wp\/v2\/posts\/260448","targetHints":{"allow":["GET"]}}],"collection":[{"href":"https:\/\/www.pcnen.com\/portal\/wp-json\/wp\/v2\/posts"}],"about":[{"href":"https:\/\/www.pcnen.com\/portal\/wp-json\/wp\/v2\/types\/post"}],"author":[{"embeddable":true,"href":"https:\/\/www.pcnen.com\/portal\/wp-json\/wp\/v2\/users\/1"}],"replies":[{"embeddable":true,"href":"https:\/\/www.pcnen.com\/portal\/wp-json\/wp\/v2\/comments?post=260448"}],"version-history":[{"count":0,"href":"https:\/\/www.pcnen.com\/portal\/wp-json\/wp\/v2\/posts\/260448\/revisions"}],"wp:featuredmedia":[{"embeddable":true,"href":"https:\/\/www.pcnen.com\/portal\/wp-json\/wp\/v2\/media\/259823"}],"wp:attachment":[{"href":"https:\/\/www.pcnen.com\/portal\/wp-json\/wp\/v2\/media?parent=260448"}],"wp:term":[{"taxonomy":"category","embeddable":true,"href":"https:\/\/www.pcnen.com\/portal\/wp-json\/wp\/v2\/categories?post=260448"},{"taxonomy":"post_tag","embeddable":true,"href":"https:\/\/www.pcnen.com\/portal\/wp-json\/wp\/v2\/tags?post=260448"}],"curies":[{"name":"wp","href":"https:\/\/api.w.org\/{rel}","templated":true}]}}