{"id":260400,"date":"2019-01-27T16:48:25","date_gmt":"2019-01-27T15:48:25","guid":{"rendered":"http:\/\/www.pcnen.com\/portal\/?p=260400"},"modified":"2019-01-27T16:48:25","modified_gmt":"2019-01-27T15:48:25","slug":"balkanski-ris-pred-istrebljenjem","status":"publish","type":"post","link":"https:\/\/www.pcnen.com\/portal\/2019\/01\/27\/balkanski-ris-pred-istrebljenjem\/","title":{"rendered":"Balkanski ris pred istrebljenjem"},"content":{"rendered":"<p><img loading=\"lazy\" decoding=\"async\" src=\"http:\/\/www.pcnen.com\/portal\/wp-content\/uploads\/2019\/01\/balkanski-ris-300x207.jpg\" alt=\"\" width=\"300\" height=\"207\" class=\"alignright size-medium wp-image-260401\" \/>Najugro\u017eenija vrsta evropske divlje ma\u010dke balkanski ris, ukoliko ne budu preduzete hitne mjere, uskoro bi mogla da u potpunosti nestane.<\/p>\n<p>Procjenjuje sa da ova populacija broji oko 120 primjeraka. \u0408o\u0161 se mo\u017ee na\u0107i na planinama isto\u010dne i zapadne Crne Gore, sjeverne i zapadne Albanije, Makedonije, Gr\u010dke, a &#8220;stanovnik&#8221; je i Srbije, prenosi sputniknews.com.<\/p>\n<p>Iako je na spisku strogo za\u0161ti\u0107enih vrsta, \u010dije se ubijanje smatra krivi\u010dnim djelom za koje je propisana visoka nov\u010dana kazna, njegov opstanak ugro\u017eavaju lovokradice koje tu rijetku \u017eivotinju love zbog trofeja.<\/p>\n<p>Samo u posljednjih godinu dana od \u0161est primjeraka koji \u017eive na Kosovu, ubijena su dva risa, a posljednji slu\u010daj dogodio se u decembru. <\/p>\n<p>Ris nikada ne napada \u010dovjeka, ali \u010dovjek u najve\u0107oj mjeri ugro\u017eava njegov opstanak.<\/p>\n<p>Ta vrsta divlje ma\u010dke koja mo\u017ee da dostigne visinu od 65 centimetara i te\u017einu do 25 kilograma, hrani se doma\u0107im \u017eivotinjama, sitnim sisarima, a rje\u0111e napada i pernate \u017eivotinje. Njegova omiljena hrana su srne i ze\u010devi.<\/p>\n","protected":false},"excerpt":{"rendered":"<p>Ris se mo\u017ee na\u0107i na planinama isto\u010dne i zapadne Crne Gore, sjeverne i zapadne Albanije, Makedonije, Gr\u010dke, Kosova  Srbije<\/p>\n","protected":false},"author":1,"featured_media":0,"comment_status":"open","ping_status":"closed","sticky":false,"template":"","format":"standard","meta":{"_seopress_robots_primary_cat":"","_seopress_titles_title":"","_seopress_titles_desc":"","_seopress_robots_index":"","_et_pb_use_builder":"","_et_pb_old_content":"","_et_gb_content_width":"","inline_featured_image":false,"footnotes":""},"categories":[14,12],"tags":[],"class_list":["post-260400","post","type-post","status-publish","format-standard","hentry","category-vijesti","category-prica-dana"],"_links":{"self":[{"href":"https:\/\/www.pcnen.com\/portal\/wp-json\/wp\/v2\/posts\/260400","targetHints":{"allow":["GET"]}}],"collection":[{"href":"https:\/\/www.pcnen.com\/portal\/wp-json\/wp\/v2\/posts"}],"about":[{"href":"https:\/\/www.pcnen.com\/portal\/wp-json\/wp\/v2\/types\/post"}],"author":[{"embeddable":true,"href":"https:\/\/www.pcnen.com\/portal\/wp-json\/wp\/v2\/users\/1"}],"replies":[{"embeddable":true,"href":"https:\/\/www.pcnen.com\/portal\/wp-json\/wp\/v2\/comments?post=260400"}],"version-history":[{"count":0,"href":"https:\/\/www.pcnen.com\/portal\/wp-json\/wp\/v2\/posts\/260400\/revisions"}],"wp:attachment":[{"href":"https:\/\/www.pcnen.com\/portal\/wp-json\/wp\/v2\/media?parent=260400"}],"wp:term":[{"taxonomy":"category","embeddable":true,"href":"https:\/\/www.pcnen.com\/portal\/wp-json\/wp\/v2\/categories?post=260400"},{"taxonomy":"post_tag","embeddable":true,"href":"https:\/\/www.pcnen.com\/portal\/wp-json\/wp\/v2\/tags?post=260400"}],"curies":[{"name":"wp","href":"https:\/\/api.w.org\/{rel}","templated":true}]}}