{"id":260372,"date":"2019-01-27T10:02:56","date_gmt":"2019-01-27T09:02:56","guid":{"rendered":"http:\/\/www.pcnen.com\/portal\/?p=260372"},"modified":"2019-01-27T13:36:47","modified_gmt":"2019-01-27T12:36:47","slug":"medunarodni-dan-sjecanja-na-zrtve-holokausta-6","status":"publish","type":"post","link":"https:\/\/www.pcnen.com\/portal\/2019\/01\/27\/medunarodni-dan-sjecanja-na-zrtve-holokausta-6\/","title":{"rendered":"Me\u0111unarodni dan sje\u0107anja na \u017ertve Holokausta"},"content":{"rendered":"<p><img loading=\"lazy\" decoding=\"async\" src=\"http:\/\/www.pcnen.com\/portal\/wp-content\/uploads\/2016\/01\/ausvic-300x199.jpg\" alt=\"\" width=\"300\" height=\"199\" class=\"alignright size-medium wp-image-198018\" \/>U svijetu se danas obilje\u017eava Me\u0111unarodni dan sje\u0107anja na \u017ertve Holokausta tokom Drugog svjetskog rata.<\/p>\n<p>Na dana\u0161nji dan 1945. godine, jedinice sovjetske armije oslobodile su najve\u0107i nacisti\u010dki koncentracioni logor Au\u0161vic sa 7.500 zatvorenika, a u borbama je \u017eivot izgubio 231 sovjetski vojnik.<\/p>\n<p>Me\u0111unarodni dan sje\u0107anja na \u017ertve Holokausta ustanovljen je 2005. godine rezolucijom Generalne skup\u0161tine UN.<\/p>\n<p>Opredjeljuju\u0107i se za dan kada je 1945. godine oslobo\u0111en Au\u0161vic-Birkenau, najozlogla\u0161eniji logor smrti u porobljenoj Evropi, Generalna skup\u0161tina UN rukovodila se potrebom reafirmacije ljudskih prava, prevencije i ka\u017enjavanja zlo\u010dina genocida, kao i stalno prisutne opasnosti od rasne, nacionalne i vjerske mr\u017enje zasnovane na predrasudama, podsje\u0107a Srna.<\/p>\n<p>Prema podacima Dr\u017eavnog muzeja logora, u logoru Au\u0161vic, pro\u0161irenom u kompleks Au\u0161vic-Birkenau, stradalo je najmanje 1,1 milion ljudi, uglavnom poljskih i evropskih \u0408evreja, ali i Roma, Poljaka, zarobljenih vojnika sovjetske Crvene armije i pripadnika drugih naroda.<\/p>\n<p>Drugi svjetski rat odnio je vi\u0161e od \u0161est miliona nedu\u017enih \u017ertava &#8211; pripadnika jevrejskog naroda.<\/p>\n<p>Au\u0161vic, Treblinka, Mauthauzen, Dahau, Majdanek, \u0408asenovac samo su neka od masovnih strati\u0161ta nevinih \u017ertava.<\/p>\n","protected":false},"excerpt":{"rendered":"<p>U svijetu se danas obilje\u017eava Me\u0111unarodni dan sje\u0107anja na \u017ertve Holokausta tokom Drugog svjetskog rata. Na dana\u0161nji dan 1945. godine, jedinice sovjetske armije oslobodile su najve\u0107i nacisti\u010dki koncentracioni logor Au\u0161vic sa 7.500 zatvorenika, a u borbama je \u017eivot izgubio 231 sovjetski vojnik. Me\u0111unarodni dan sje\u0107anja na \u017ertve Holokausta ustanovljen je 2005. godine rezolucijom Generalne skup\u0161tine [&hellip;]<\/p>\n","protected":false},"author":1,"featured_media":0,"comment_status":"open","ping_status":"closed","sticky":false,"template":"","format":"standard","meta":{"_seopress_robots_primary_cat":"","_seopress_titles_title":"","_seopress_titles_desc":"","_seopress_robots_index":"","_et_pb_use_builder":"","_et_pb_old_content":"","_et_gb_content_width":"","inline_featured_image":false,"footnotes":""},"categories":[14,12],"tags":[],"class_list":["post-260372","post","type-post","status-publish","format-standard","hentry","category-vijesti","category-prica-dana"],"_links":{"self":[{"href":"https:\/\/www.pcnen.com\/portal\/wp-json\/wp\/v2\/posts\/260372","targetHints":{"allow":["GET"]}}],"collection":[{"href":"https:\/\/www.pcnen.com\/portal\/wp-json\/wp\/v2\/posts"}],"about":[{"href":"https:\/\/www.pcnen.com\/portal\/wp-json\/wp\/v2\/types\/post"}],"author":[{"embeddable":true,"href":"https:\/\/www.pcnen.com\/portal\/wp-json\/wp\/v2\/users\/1"}],"replies":[{"embeddable":true,"href":"https:\/\/www.pcnen.com\/portal\/wp-json\/wp\/v2\/comments?post=260372"}],"version-history":[{"count":0,"href":"https:\/\/www.pcnen.com\/portal\/wp-json\/wp\/v2\/posts\/260372\/revisions"}],"wp:attachment":[{"href":"https:\/\/www.pcnen.com\/portal\/wp-json\/wp\/v2\/media?parent=260372"}],"wp:term":[{"taxonomy":"category","embeddable":true,"href":"https:\/\/www.pcnen.com\/portal\/wp-json\/wp\/v2\/categories?post=260372"},{"taxonomy":"post_tag","embeddable":true,"href":"https:\/\/www.pcnen.com\/portal\/wp-json\/wp\/v2\/tags?post=260372"}],"curies":[{"name":"wp","href":"https:\/\/api.w.org\/{rel}","templated":true}]}}