{"id":260337,"date":"2019-01-26T09:57:45","date_gmt":"2019-01-26T08:57:45","guid":{"rendered":"http:\/\/www.pcnen.com\/portal\/?p=260337"},"modified":"2019-01-26T15:31:16","modified_gmt":"2019-01-26T14:31:16","slug":"marti-hag-unistio-dokaze-o-zutoj-kuci","status":"publish","type":"post","link":"https:\/\/www.pcnen.com\/portal\/2019\/01\/26\/marti-hag-unistio-dokaze-o-zutoj-kuci\/","title":{"rendered":"Marti: Hag uni\u0161tio dokaze o \u017dutoj ku\u0107i"},"content":{"rendered":"<p><img loading=\"lazy\" decoding=\"async\" src=\"http:\/\/www.pcnen.com\/portal\/wp-content\/uploads\/2012\/09\/zuta_kuca-300x194.jpg\" alt=\"\" width=\"300\" height=\"194\" class=\"alignright size-medium wp-image-93587\" \/>Biv\u0161i izvjestilac Savjeta Evrope Dik Marti izjavio je da je zabrinjavaju\u0107e to \u0161to je Ha\u0161ki tribunal uni\u0161tio dokaze iz &#8220;\u017eute ku\u0107e&#8221; o trgovini organima otetih Srba sa Kosova i Metohije i da je sumnjivo anga\u017eovanje biv\u0161eg ha\u0161kog tu\u017eioca D\u017eefrija Najsa kao advokata osumnji\u010denih.<\/p>\n<p>Marti je <a href=\"http:\/\/www.novosti.rs\/vesti\/naslovna\/politika\/aktuelno.289.html:773690-Dik-Marti-Hag-sklonio-sve-dokaze-o-zutoj-kuci\">za Ve\u010dernje novosti<\/a> rekao da je bio zaprepa\u0161\u0107en kada je svojevremeno od Ha\u0161kog tribunala tra\u017eio informacije o dokazima koji su sakupljeni na terenu u vezi sa &#8220;\u017eutom ku\u0107om&#8221;, kada je re\u010deno da ih nemaju jer su ih uklonili da bi o\u010distili prostor, po\u0161to &#8220;ionako nisu ni\u010demu slu\u017eili&#8221;. <\/p>\n<p>Ovaj \u0161vajcarski parlamentarac, \u010diji je izvje\u0161taj ukazao na mogu\u0107nost monstrouznih zlo\u010dina nad Srbima na Kosovu i sjeveru Albanije, u koje su uklju\u010deni najvi\u0161i predstavnici vlasti u Pri\u0161tini, isti\u010de da zna da su dokazi o tome postojali.<\/p>\n<p>&#8220;Novinar Entoni Montgomeri je bio prisutan kada su istra\u017eitelji Ha\u0161kog tribunala bili u `\u017eutoj ku\u0107i` i skupljali dokaze. Radili su to, ina\u010de, krajnje diletantski. Nisu, na primjer, analizirali tragove krvi, a prona\u0161li su lijekove, \u0161priceve i mnogo toga drugog. Sve to je bilo zape\u010da\u0107eno u Tribunalu&#8221;, rekao je Marti.<\/p>\n<p>On ka\u017ee da je pomislio da postoje dva D\u017eefrija Najsa kada je \u010duo da je ovaj biv\u0161i tu\u017eilac Ha\u0161kog tribunala, za koga se sumnja da je krio dokaze o &#8220;\u017eutoj ku\u0107i&#8221;, jedan od glavnih branilaca kosovskih lidera.<\/p>\n<p>&#8220;To mi izgleda u najmanju ruku bizarno. Mo\u017eda je to, s pravne strane, mogu\u0107e, ali li\u010dno, sa eti\u010dke strane, to nalazim sumnjivim&#8221;, rekao je Marti.<\/p>\n","protected":false},"excerpt":{"rendered":"<p>Biv\u0161i izvjestilac Savjeta Evrope Dik Marti izjavio je da je zabrinjavaju\u0107e to \u0161to je Ha\u0161ki tribunal uni\u0161tio dokaze iz &#8220;\u017eute ku\u0107e&#8221; o trgovini organima otetih Srba sa Kosova i Metohije i da je sumnjivo anga\u017eovanje biv\u0161eg ha\u0161kog tu\u017eioca D\u017eefrija Najsa kao advokata osumnji\u010denih. Marti je za Ve\u010dernje novosti rekao da je bio zaprepa\u0161\u0107en kada je [&hellip;]<\/p>\n","protected":false},"author":1,"featured_media":93587,"comment_status":"open","ping_status":"closed","sticky":false,"template":"","format":"standard","meta":{"_seopress_robots_primary_cat":"","_seopress_titles_title":"","_seopress_titles_desc":"","_seopress_robots_index":"","_et_pb_use_builder":"","_et_pb_old_content":"","_et_gb_content_width":"","inline_featured_image":false,"footnotes":""},"categories":[14,12],"tags":[],"class_list":["post-260337","post","type-post","status-publish","format-standard","has-post-thumbnail","hentry","category-vijesti","category-prica-dana"],"_links":{"self":[{"href":"https:\/\/www.pcnen.com\/portal\/wp-json\/wp\/v2\/posts\/260337","targetHints":{"allow":["GET"]}}],"collection":[{"href":"https:\/\/www.pcnen.com\/portal\/wp-json\/wp\/v2\/posts"}],"about":[{"href":"https:\/\/www.pcnen.com\/portal\/wp-json\/wp\/v2\/types\/post"}],"author":[{"embeddable":true,"href":"https:\/\/www.pcnen.com\/portal\/wp-json\/wp\/v2\/users\/1"}],"replies":[{"embeddable":true,"href":"https:\/\/www.pcnen.com\/portal\/wp-json\/wp\/v2\/comments?post=260337"}],"version-history":[{"count":0,"href":"https:\/\/www.pcnen.com\/portal\/wp-json\/wp\/v2\/posts\/260337\/revisions"}],"wp:featuredmedia":[{"embeddable":true,"href":"https:\/\/www.pcnen.com\/portal\/wp-json\/wp\/v2\/media\/93587"}],"wp:attachment":[{"href":"https:\/\/www.pcnen.com\/portal\/wp-json\/wp\/v2\/media?parent=260337"}],"wp:term":[{"taxonomy":"category","embeddable":true,"href":"https:\/\/www.pcnen.com\/portal\/wp-json\/wp\/v2\/categories?post=260337"},{"taxonomy":"post_tag","embeddable":true,"href":"https:\/\/www.pcnen.com\/portal\/wp-json\/wp\/v2\/tags?post=260337"}],"curies":[{"name":"wp","href":"https:\/\/api.w.org\/{rel}","templated":true}]}}