{"id":260250,"date":"2019-01-24T22:20:50","date_gmt":"2019-01-24T21:20:50","guid":{"rendered":"http:\/\/www.pcnen.com\/portal\/?p=260250"},"modified":"2019-01-24T22:20:50","modified_gmt":"2019-01-24T21:20:50","slug":"naredeno-ponovno-hapsenje-bivseg-viceguvernera","status":"publish","type":"post","link":"https:\/\/www.pcnen.com\/portal\/2019\/01\/24\/naredeno-ponovno-hapsenje-bivseg-viceguvernera\/","title":{"rendered":"Nare\u0111eno ponovno hap\u0161enje biv\u0161eg viceguvernera"},"content":{"rendered":"<p><img loading=\"lazy\" decoding=\"async\" class=\"alignright size-medium wp-image-235244\" src=\"http:\/\/www.pcnen.com\/portal\/wp-content\/uploads\/2017\/10\/lisice-1-300x218.jpg\" alt=\"\" width=\"300\" height=\"218\" \/>Vije\u0107e podgori\u010dkog Vi\u0161eg suda je usvojilo \u017ealbu Specijalnog dr\u017eavnog tu\u017eila\u0161tva i ve\u010deras odredilo pritvor do 30 dana biv\u0161em viceguverneru Centralne banke Veliboru Milo\u0161evi\u0107u, kao i \u0110or\u0111u \u0110ur\u0111i\u0107u, Emiru Kalamperovi\u0107u i Miodragu Kne\u017eevi\u0107u, objavila je TV Vijesti.<\/p>\n<p>Nakon ovakve odluke sud je izdao naredbu za njihovo hap\u0161enje.<\/p>\n<p>Milo\u0161evi\u0107 i ostali su uhap\u0161eni nakon \u0161to su medije objavili izjavu predsjednika Atlas grupe Du\u0161ka Kne\u017eevi\u0107a da ga je Milo\u0161evi\u0107 <a href=\"http:\/\/www.pcnen.com\/portal\/2019\/01\/19\/knezevic-optuzio-bivseg-viceguvernera-milosevica-za-reketiranje\/\">reketirao<\/a> dok je bio na du\u017enosti viceguvernera.<\/p>\n","protected":false},"excerpt":{"rendered":"<p>Vije\u0107e podgori\u010dkog Vi\u0161eg suda je usvojilo \u017ealbu Specijalnog dr\u017eavnog tu\u017eila\u0161tva i ve\u010deras odredilo pritvor do 30 dana biv\u0161em viceguverneru Centralne banke Veliboru Milo\u0161evi\u0107u, kao i \u0110or\u0111u \u0110ur\u0111i\u0107u, Emiru Kalamperovi\u0107u i Miodragu Kne\u017eevi\u0107u, objavila je TV Vijesti. Nakon ovakve odluke sud je izdao naredbu za njihovo hap\u0161enje. Milo\u0161evi\u0107 i ostali su uhap\u0161eni nakon \u0161to su medije [&hellip;]<\/p>\n","protected":false},"author":1,"featured_media":0,"comment_status":"open","ping_status":"closed","sticky":false,"template":"","format":"standard","meta":{"_seopress_robots_primary_cat":"","_seopress_titles_title":"","_seopress_titles_desc":"","_seopress_robots_index":"","_et_pb_use_builder":"","_et_pb_old_content":"","_et_gb_content_width":"","inline_featured_image":false,"footnotes":""},"categories":[14],"tags":[],"class_list":["post-260250","post","type-post","status-publish","format-standard","hentry","category-vijesti"],"_links":{"self":[{"href":"https:\/\/www.pcnen.com\/portal\/wp-json\/wp\/v2\/posts\/260250","targetHints":{"allow":["GET"]}}],"collection":[{"href":"https:\/\/www.pcnen.com\/portal\/wp-json\/wp\/v2\/posts"}],"about":[{"href":"https:\/\/www.pcnen.com\/portal\/wp-json\/wp\/v2\/types\/post"}],"author":[{"embeddable":true,"href":"https:\/\/www.pcnen.com\/portal\/wp-json\/wp\/v2\/users\/1"}],"replies":[{"embeddable":true,"href":"https:\/\/www.pcnen.com\/portal\/wp-json\/wp\/v2\/comments?post=260250"}],"version-history":[{"count":0,"href":"https:\/\/www.pcnen.com\/portal\/wp-json\/wp\/v2\/posts\/260250\/revisions"}],"wp:attachment":[{"href":"https:\/\/www.pcnen.com\/portal\/wp-json\/wp\/v2\/media?parent=260250"}],"wp:term":[{"taxonomy":"category","embeddable":true,"href":"https:\/\/www.pcnen.com\/portal\/wp-json\/wp\/v2\/categories?post=260250"},{"taxonomy":"post_tag","embeddable":true,"href":"https:\/\/www.pcnen.com\/portal\/wp-json\/wp\/v2\/tags?post=260250"}],"curies":[{"name":"wp","href":"https:\/\/api.w.org\/{rel}","templated":true}]}}