{"id":260243,"date":"2019-01-24T18:52:38","date_gmt":"2019-01-24T17:52:38","guid":{"rendered":"http:\/\/www.pcnen.com\/portal\/?p=260243"},"modified":"2019-01-24T18:52:38","modified_gmt":"2019-01-24T17:52:38","slug":"vjetar-sa-sjevera-ponegdje-olujne-snage","status":"publish","type":"post","link":"https:\/\/www.pcnen.com\/portal\/2019\/01\/24\/vjetar-sa-sjevera-ponegdje-olujne-snage\/","title":{"rendered":"Vjetar sa sjevera ponegdje olujne snage"},"content":{"rendered":"<p><img loading=\"lazy\" decoding=\"async\" class=\"alignright size-full wp-image-170778\" src=\"http:\/\/www.pcnen.com\/portal\/wp-content\/uploads\/2015\/01\/vjetar-kisa.jpg\" alt=\"\" width=\"300\" height=\"225\" \/>Na jugu Crne Gore bi\u0107e umjereno do potpuno obla\u010dno, povremeno sa ki\u0161om; u planinama \u00a0\u0107e biti jo\u0161 susnje\u017eice i slabog snijega.<\/p>\n<p>Na sjeveru zemlje bi\u0107e obla\u010dno sa snijegom.<\/p>\n<p>Vjetar sjeverni i sjeveroisto\u010dni \u0107e biti umjeren do jak, na udare ponegdje veoma jak i olujni.<\/p>\n<p>Jutarnja temperatura vazduha bi\u0107e u rasponu od -8 do 7, a najvi\u0161a dnevna od -7 do 11 stepeni.<\/p>\n<p>U Podgorici \u0107e biti prete\u017eno obla\u010dno, povremeno sa ki\u0161om. Vjetar sjeveroisto\u010dni bi\u0107e umjeren do jak, a na udare veoma jak. Jutarnja temperatura vazduha bi\u0107e oko 3, a najvi\u0161a dnevna do 7 stepeni.<\/p>\n<p><a href=\"http:\/\/www.meteo.co.me\/misc.php?text=121&amp;sektor=1&amp;grad=BER\">Prognoza za ostale gradove.<\/a><\/p>\n","protected":false},"excerpt":{"rendered":"<p>Jutarnja temperatura od -8 do 7, a najvi\u0161a dnevna od -7 do 11 stepeni<\/p>\n","protected":false},"author":1,"featured_media":0,"comment_status":"open","ping_status":"closed","sticky":false,"template":"","format":"standard","meta":{"_seopress_robots_primary_cat":"","_seopress_titles_title":"","_seopress_titles_desc":"","_seopress_robots_index":"","_et_pb_use_builder":"","_et_pb_old_content":"","_et_gb_content_width":"","inline_featured_image":false,"footnotes":""},"categories":[14,12],"tags":[],"class_list":["post-260243","post","type-post","status-publish","format-standard","hentry","category-vijesti","category-prica-dana"],"_links":{"self":[{"href":"https:\/\/www.pcnen.com\/portal\/wp-json\/wp\/v2\/posts\/260243","targetHints":{"allow":["GET"]}}],"collection":[{"href":"https:\/\/www.pcnen.com\/portal\/wp-json\/wp\/v2\/posts"}],"about":[{"href":"https:\/\/www.pcnen.com\/portal\/wp-json\/wp\/v2\/types\/post"}],"author":[{"embeddable":true,"href":"https:\/\/www.pcnen.com\/portal\/wp-json\/wp\/v2\/users\/1"}],"replies":[{"embeddable":true,"href":"https:\/\/www.pcnen.com\/portal\/wp-json\/wp\/v2\/comments?post=260243"}],"version-history":[{"count":0,"href":"https:\/\/www.pcnen.com\/portal\/wp-json\/wp\/v2\/posts\/260243\/revisions"}],"wp:attachment":[{"href":"https:\/\/www.pcnen.com\/portal\/wp-json\/wp\/v2\/media?parent=260243"}],"wp:term":[{"taxonomy":"category","embeddable":true,"href":"https:\/\/www.pcnen.com\/portal\/wp-json\/wp\/v2\/categories?post=260243"},{"taxonomy":"post_tag","embeddable":true,"href":"https:\/\/www.pcnen.com\/portal\/wp-json\/wp\/v2\/tags?post=260243"}],"curies":[{"name":"wp","href":"https:\/\/api.w.org\/{rel}","templated":true}]}}