{"id":260231,"date":"2019-01-24T13:29:50","date_gmt":"2019-01-24T12:29:50","guid":{"rendered":"http:\/\/www.pcnen.com\/portal\/?p=260231"},"modified":"2019-01-24T13:29:50","modified_gmt":"2019-01-24T12:29:50","slug":"vijesti-barski-cempresi-pali-zarad-privatnog-interesa","status":"publish","type":"post","link":"https:\/\/www.pcnen.com\/portal\/2019\/01\/24\/vijesti-barski-cempresi-pali-zarad-privatnog-interesa\/","title":{"rendered":"Vijesti: Barski \u010dempresi pali zarad privatnog interesa"},"content":{"rendered":"<p><img loading=\"lazy\" decoding=\"async\" class=\"alignright size-medium wp-image-259880\" src=\"http:\/\/www.pcnen.com\/portal\/wp-content\/uploads\/2019\/01\/PANJEVINA-266x300.jpg\" alt=\"\" width=\"266\" height=\"300\" srcset=\"https:\/\/www.pcnen.com\/portal\/wp-content\/uploads\/2019\/01\/PANJEVINA-266x300.jpg 266w, https:\/\/www.pcnen.com\/portal\/wp-content\/uploads\/2019\/01\/PANJEVINA-399x450.jpg 399w, https:\/\/www.pcnen.com\/portal\/wp-content\/uploads\/2019\/01\/PANJEVINA-235x265.jpg 235w, https:\/\/www.pcnen.com\/portal\/wp-content\/uploads\/2019\/01\/PANJEVINA-75x85.jpg 75w, https:\/\/www.pcnen.com\/portal\/wp-content\/uploads\/2019\/01\/PANJEVINA-350x395.jpg 350w, https:\/\/www.pcnen.com\/portal\/wp-content\/uploads\/2019\/01\/PANJEVINA-220x248.jpg 220w, https:\/\/www.pcnen.com\/portal\/wp-content\/uploads\/2019\/01\/PANJEVINA.jpg 400w\" sizes=\"(max-width: 266px) 100vw, 266px\" \/>Vrti\u0107 koji postoji i nalazi se pored Centra bezbjednosti u Baru bi\u0107e, prema planskoj dokumentaciji vjerovatno sru\u0161en, \u010dim bude izgra\u0111en novi na spornoj lokaciji kod gradske gimnazije, navodi se u tekstu koji je objavljen u dana\u0161njem izdanju Vijesti.<\/p>\n<p>\u201cI gradske i dr\u017eavne vlasti su jo\u0161 prije 10 godina znale da \u0107e barski \u010dempresi biti posje\u010deni zbog izgradnje vrti\u0107a jer \u0107e na poziciji na kojoj se nalazi ta pred\u0161kolska ustanova biti izgra\u0111ena sedmospratnica sa 40 stanova, \u0161to je predvi\u0111eno DUP-om \u2018Topolica 1\u2019, zona E, koji je izmijenjen 2009, u korist budu\u0107ih investitora\u201d.<\/p>\n<p>Direktor Istra\u017eiva\u010dkog centra Mre\u017ee za afirmaciju nevladinog sektora (MANS) Dejan Milovac ka\u017ee da, sude\u0107i prema podacima iz zvani\u010dne planske dokumentacije, barski \u010dempresi nijesu uni\u0161teni jer je \u201cpostojao javni interes da se na toj lokaciji izgradi novi vrti\u0107\u201d, \u201cve\u0107 zbog interesa da se na lokaciji postoje\u0107eg gradskog vrti\u0107a oslobodi nova gra\u0111evinska parcela\u201d, pi\u0161e u tekstu koji je<a href=\"https:\/\/www.vijesti.me\/vijesti\/drustvo\/ne-padaju-stabla-zbog-djece-vec-zbog-investitora\"> prenio portal Vijesti.<\/a><\/p>\n","protected":false},"excerpt":{"rendered":"<p>Vrti\u0107 koji postoji i nalazi se pored Centra bezbjednosti u Baru bi\u0107e, prema planskoj dokumentaciji vjerovatno sru\u0161en, \u010dim bude izgra\u0111en novi na spornoj lokaciji kod gradske gimnazije, navodi se u tekstu koji je objavljen u dana\u0161njem izdanju Vijesti. \u201cI gradske i dr\u017eavne vlasti su jo\u0161 prije 10 godina znale da \u0107e barski \u010dempresi biti posje\u010deni [&hellip;]<\/p>\n","protected":false},"author":1,"featured_media":259880,"comment_status":"open","ping_status":"closed","sticky":false,"template":"","format":"standard","meta":{"_seopress_robots_primary_cat":"","_seopress_titles_title":"","_seopress_titles_desc":"","_seopress_robots_index":"","_et_pb_use_builder":"","_et_pb_old_content":"","_et_gb_content_width":"","inline_featured_image":false,"footnotes":""},"categories":[14,12],"tags":[],"class_list":["post-260231","post","type-post","status-publish","format-standard","has-post-thumbnail","hentry","category-vijesti","category-prica-dana"],"_links":{"self":[{"href":"https:\/\/www.pcnen.com\/portal\/wp-json\/wp\/v2\/posts\/260231","targetHints":{"allow":["GET"]}}],"collection":[{"href":"https:\/\/www.pcnen.com\/portal\/wp-json\/wp\/v2\/posts"}],"about":[{"href":"https:\/\/www.pcnen.com\/portal\/wp-json\/wp\/v2\/types\/post"}],"author":[{"embeddable":true,"href":"https:\/\/www.pcnen.com\/portal\/wp-json\/wp\/v2\/users\/1"}],"replies":[{"embeddable":true,"href":"https:\/\/www.pcnen.com\/portal\/wp-json\/wp\/v2\/comments?post=260231"}],"version-history":[{"count":0,"href":"https:\/\/www.pcnen.com\/portal\/wp-json\/wp\/v2\/posts\/260231\/revisions"}],"wp:featuredmedia":[{"embeddable":true,"href":"https:\/\/www.pcnen.com\/portal\/wp-json\/wp\/v2\/media\/259880"}],"wp:attachment":[{"href":"https:\/\/www.pcnen.com\/portal\/wp-json\/wp\/v2\/media?parent=260231"}],"wp:term":[{"taxonomy":"category","embeddable":true,"href":"https:\/\/www.pcnen.com\/portal\/wp-json\/wp\/v2\/categories?post=260231"},{"taxonomy":"post_tag","embeddable":true,"href":"https:\/\/www.pcnen.com\/portal\/wp-json\/wp\/v2\/tags?post=260231"}],"curies":[{"name":"wp","href":"https:\/\/api.w.org\/{rel}","templated":true}]}}