{"id":260204,"date":"2019-01-24T09:27:06","date_gmt":"2019-01-24T08:27:06","guid":{"rendered":"http:\/\/www.pcnen.com\/portal\/?p=260204"},"modified":"2019-01-24T09:27:06","modified_gmt":"2019-01-24T08:27:06","slug":"bivsi-viceguverner-milosevic-na-slobodi","status":"publish","type":"post","link":"https:\/\/www.pcnen.com\/portal\/2019\/01\/24\/bivsi-viceguverner-milosevic-na-slobodi\/","title":{"rendered":"Biv\u0161i viceguverner Milo\u0161evi\u0107 na slobodi"},"content":{"rendered":"<p><img loading=\"lazy\" decoding=\"async\" class=\"alignright size-medium wp-image-260019\" src=\"http:\/\/www.pcnen.com\/portal\/wp-content\/uploads\/2019\/01\/milosevic-velibor-300x234.jpg\" alt=\"\" width=\"300\" height=\"234\" srcset=\"https:\/\/www.pcnen.com\/portal\/wp-content\/uploads\/2019\/01\/milosevic-velibor.jpg 300w, https:\/\/www.pcnen.com\/portal\/wp-content\/uploads\/2019\/01\/milosevic-velibor-235x183.jpg 235w, https:\/\/www.pcnen.com\/portal\/wp-content\/uploads\/2019\/01\/milosevic-velibor-75x59.jpg 75w, https:\/\/www.pcnen.com\/portal\/wp-content\/uploads\/2019\/01\/milosevic-velibor-220x172.jpg 220w\" sizes=\"(max-width: 300px) 100vw, 300px\" \/>Biv\u0161i viceguverner Centralne banke Crne Gore Velibor Milo\u0161evi\u0107 pu\u0161ten je na slobodu nakon \u0161to je sudija za istrage Vi\u0161eg suda Miroslav Ba\u0161ovi\u0107 odbio predlog Secijalnog dr\u017eavnog tu\u017eila\u0161tva \u00a0da mu se odredi pritvor do 30 dana, objavila je TV Vijesti.<\/p>\n<p>Na slobodu su, nakon saslu\u0161anja, pu\u0161teni i Emir Kalamperovi\u0107, \u0110or\u0111e \u0110ur\u0111i\u0107 i Miodrag Kne\u017eevi\u0107, koji su bili uhap\u0161eni u okviru iste istrage.<\/p>\n<p>Milo\u0161evi\u0107 je uhap\u0161en nakon \u0161to su medije objavili izjavu predsjednika Atlas grupe Du\u0161ka Kne\u017eevi\u0107a <a href=\"http:\/\/www.pcnen.com\/portal\/2019\/01\/19\/knezevic-optuzio-bivseg-viceguvernera-milosevica-za-reketiranje\/\">da ga je Milo\u0161evi\u0107 reketirao.<\/a><\/p>\n","protected":false},"excerpt":{"rendered":"<p>Biv\u0161i viceguverner Centralne banke Crne Gore Velibor Milo\u0161evi\u0107 pu\u0161ten je na slobodu nakon \u0161to je sudija za istrage Vi\u0161eg suda Miroslav Ba\u0161ovi\u0107 odbio predlog Secijalnog dr\u017eavnog tu\u017eila\u0161tva \u00a0da mu se odredi pritvor do 30 dana, objavila je TV Vijesti. Na slobodu su, nakon saslu\u0161anja, pu\u0161teni i Emir Kalamperovi\u0107, \u0110or\u0111e \u0110ur\u0111i\u0107 i Miodrag Kne\u017eevi\u0107, koji su [&hellip;]<\/p>\n","protected":false},"author":1,"featured_media":260019,"comment_status":"open","ping_status":"closed","sticky":false,"template":"","format":"standard","meta":{"_seopress_robots_primary_cat":"","_seopress_titles_title":"","_seopress_titles_desc":"","_seopress_robots_index":"","_et_pb_use_builder":"","_et_pb_old_content":"","_et_gb_content_width":"","inline_featured_image":false,"footnotes":""},"categories":[14],"tags":[],"class_list":["post-260204","post","type-post","status-publish","format-standard","has-post-thumbnail","hentry","category-vijesti"],"_links":{"self":[{"href":"https:\/\/www.pcnen.com\/portal\/wp-json\/wp\/v2\/posts\/260204","targetHints":{"allow":["GET"]}}],"collection":[{"href":"https:\/\/www.pcnen.com\/portal\/wp-json\/wp\/v2\/posts"}],"about":[{"href":"https:\/\/www.pcnen.com\/portal\/wp-json\/wp\/v2\/types\/post"}],"author":[{"embeddable":true,"href":"https:\/\/www.pcnen.com\/portal\/wp-json\/wp\/v2\/users\/1"}],"replies":[{"embeddable":true,"href":"https:\/\/www.pcnen.com\/portal\/wp-json\/wp\/v2\/comments?post=260204"}],"version-history":[{"count":0,"href":"https:\/\/www.pcnen.com\/portal\/wp-json\/wp\/v2\/posts\/260204\/revisions"}],"wp:featuredmedia":[{"embeddable":true,"href":"https:\/\/www.pcnen.com\/portal\/wp-json\/wp\/v2\/media\/260019"}],"wp:attachment":[{"href":"https:\/\/www.pcnen.com\/portal\/wp-json\/wp\/v2\/media?parent=260204"}],"wp:term":[{"taxonomy":"category","embeddable":true,"href":"https:\/\/www.pcnen.com\/portal\/wp-json\/wp\/v2\/categories?post=260204"},{"taxonomy":"post_tag","embeddable":true,"href":"https:\/\/www.pcnen.com\/portal\/wp-json\/wp\/v2\/tags?post=260204"}],"curies":[{"name":"wp","href":"https:\/\/api.w.org\/{rel}","templated":true}]}}