{"id":260176,"date":"2019-01-23T20:25:19","date_gmt":"2019-01-23T19:25:19","guid":{"rendered":"http:\/\/www.pcnen.com\/portal\/?p=260176"},"modified":"2019-01-23T20:25:19","modified_gmt":"2019-01-23T19:25:19","slug":"slab-snijeg-povremeno-na-sjeveru","status":"publish","type":"post","link":"https:\/\/www.pcnen.com\/portal\/2019\/01\/23\/slab-snijeg-povremeno-na-sjeveru\/","title":{"rendered":"Slab snijeg povremeno na sjeveru"},"content":{"rendered":"<p><img loading=\"lazy\" decoding=\"async\" class=\"alignright size-medium wp-image-137095\" src=\"http:\/\/www.pcnen.com\/portal\/wp-content\/uploads\/2014\/02\/Ptice-na-Skadarskom-jezeru-300x200.jpg\" alt=\"\" width=\"300\" height=\"200\" \/>U ju\u017enim i centralnim djelovima Crne Gore bi\u0107e promjenljivo obla\u010dno sa sun\u010danim intervalima, a na sjeveru prete\u017eno obla\u010dno sa slabim snijegom povremeno.<\/p>\n<p>Vjetar sjeveroisto\u010dni i isto\u010dni bi\u0107e slab do umjeren, a krajem dana i tokom no\u0107i mjestimi\u010dno poja\u010dan i jak.<\/p>\n<p>Jutarnja temperatura vazduha bi\u0107e u rasponu od -7 do 5, a najvi\u0161a dnevna od -2 do 13 stepeni.<\/p>\n<p>U Podgorici \u0107e biti promjenljivo obla\u010dno sa sun\u010danim intervalima. Isto\u010dni i sjeveroisto\u010dni vjetar bi\u0107e slab do umjeren, a poja\u010dan tokom no\u0107i. Jutarnja temperatura vazduha bi\u0107e oko 3, a najvi\u0161a dnevna do 10 stepeni.<\/p>\n<p><a href=\"http:\/\/www.meteo.co.me\/misc.php?text=121&amp;sektor=1&amp;grad=PLJ\">Prognoza za ostale gradove.<\/a><\/p>\n","protected":false},"excerpt":{"rendered":"<p>Vjetar sjeveroisto\u010dni i isto\u010dni bi\u0107e slab do umjeren, a krajem dana i tokom no\u0107i mjestimi\u010dno poja\u010dan i jak<\/p>\n","protected":false},"author":1,"featured_media":0,"comment_status":"open","ping_status":"closed","sticky":false,"template":"","format":"standard","meta":{"_seopress_robots_primary_cat":"","_seopress_titles_title":"","_seopress_titles_desc":"","_seopress_robots_index":"","_et_pb_use_builder":"","_et_pb_old_content":"","_et_gb_content_width":"","inline_featured_image":false,"footnotes":""},"categories":[14,12],"tags":[],"class_list":["post-260176","post","type-post","status-publish","format-standard","hentry","category-vijesti","category-prica-dana"],"_links":{"self":[{"href":"https:\/\/www.pcnen.com\/portal\/wp-json\/wp\/v2\/posts\/260176","targetHints":{"allow":["GET"]}}],"collection":[{"href":"https:\/\/www.pcnen.com\/portal\/wp-json\/wp\/v2\/posts"}],"about":[{"href":"https:\/\/www.pcnen.com\/portal\/wp-json\/wp\/v2\/types\/post"}],"author":[{"embeddable":true,"href":"https:\/\/www.pcnen.com\/portal\/wp-json\/wp\/v2\/users\/1"}],"replies":[{"embeddable":true,"href":"https:\/\/www.pcnen.com\/portal\/wp-json\/wp\/v2\/comments?post=260176"}],"version-history":[{"count":0,"href":"https:\/\/www.pcnen.com\/portal\/wp-json\/wp\/v2\/posts\/260176\/revisions"}],"wp:attachment":[{"href":"https:\/\/www.pcnen.com\/portal\/wp-json\/wp\/v2\/media?parent=260176"}],"wp:term":[{"taxonomy":"category","embeddable":true,"href":"https:\/\/www.pcnen.com\/portal\/wp-json\/wp\/v2\/categories?post=260176"},{"taxonomy":"post_tag","embeddable":true,"href":"https:\/\/www.pcnen.com\/portal\/wp-json\/wp\/v2\/tags?post=260176"}],"curies":[{"name":"wp","href":"https:\/\/api.w.org\/{rel}","templated":true}]}}