{"id":260157,"date":"2019-01-23T15:46:26","date_gmt":"2019-01-23T14:46:26","guid":{"rendered":"http:\/\/www.pcnen.com\/portal\/?p=260157"},"modified":"2019-01-23T15:46:26","modified_gmt":"2019-01-23T14:46:26","slug":"brojne-zamjerke-nacrtu-zakona-o-medijima","status":"publish","type":"post","link":"https:\/\/www.pcnen.com\/portal\/2019\/01\/23\/brojne-zamjerke-nacrtu-zakona-o-medijima\/","title":{"rendered":"Brojne zamjerke Nacrtu Zakona o medijima"},"content":{"rendered":"<p><img loading=\"lazy\" decoding=\"async\" class=\"alignright size-medium wp-image-243666\" src=\"http:\/\/www.pcnen.com\/portal\/wp-content\/uploads\/2018\/03\/mediji-300x169.jpg\" alt=\"\" width=\"300\" height=\"169\" \/>Nacrt Zakona o medijima, koji je predlo\u017eilo Ministarstvo kulture Crne Gore, ima brojne mane koje bi valjalo otkloniti nakon javne rasprave ili se vratiti na po\u010detak i pripremiti potpuno novu verziju, su\u0161tina je primjedbi koje su danas, na zajedni\u010dkoj konferenciji za novinare, iznijeli predstavnici vi\u0161e novinarskih i nevladinih medijskih udru\u017eenja.<\/p>\n<p>Predstavnici Instituta za medije CG (Olivera Nikoli\u0107), Media centra (Dragoljub Du\u0161ko Vukovi\u0107), Dru\u0161tva profesionalnih novinara CG (Mila Radulovi\u0107), Sindikata medija (Marijana Camovi\u0107) i Centra za istra\u017eiva\u010dko novinarstvo Vijesti (Slavoljub \u0160\u0107eki\u0107) su saglasni da je potreban novi zakon o medijima, jer je aktuelni, done\u0161en 2002. godine, zastario, ali da je nu\u017eno da novi zakon bude izraz saglasnosti unutar medijske zajednice i dru\u0161tva u cjelini i odgovori potrebama modernog demokratskog dru\u0161tva.<\/p>\n<p>Najavljeno je da \u0107e pomenuta udru\u017eenja iskoristiti <a href=\"http:\/\/www.mku.gov.me\/vijesti\/195252\/J-A-V-N-I-P-O-Z-I-V-za-sprovodenje-javne-rasprave-o-Nacrtu-zakona-o-medijima.html\">40-todnevnu javnu raspravu<\/a> i poku\u0161ati da argumentovano ospore pojedina zakonska rje\u0161enja i nametnu svoja vi\u0111enja, kao i da \u0107e, u krajnjem slu\u010daju, poku\u0161ati da pobolj\u0161aju nacrt zakona tako \u0161to \u0107e za svoja rje\u0161enja pridobiti neke od poslanika u Skup\u0161tini Crne Gore.<\/p>\n<p>Bilo je i sugestija da cijeli posao treba vratiti na po\u010detak i, na osnovu primjedbi stranih eksperata i doma\u0107e zainteresovane javnosti, uraditi bolju verziju krovnog zakona o medijima. Pri tom se refierisalo na ekspoze aktuelnog premijera Du\u0161ka Markovi\u0107a, koji je<a href=\"http:\/\/www.predsjednik.gov.me\/vijesti\/167232\/Ekspoze-mandatara-za-sastav-Vlade-CG-Duska-Markovica-na-sjednici-Skupstine-CG.html\"> najavio izradu medijske strategije <\/a>i analizu na osnovu \u010dega bi se pristupilo izradi novih zakonskih rje\u0161enja. Ta najava, me\u0111utim, nije imala i svoju perativni nastavak i zavr\u0161nicu.<\/p>\n","protected":false},"excerpt":{"rendered":"<p>Mane otkloniti nakon javne rasprave ili se vratiti na po\u010detak i pripremiti potpuno novu verziju, poru\u010dili su predstavici vi\u0161e novnarskih i medijskih asocijacija<\/p>\n","protected":false},"author":1,"featured_media":0,"comment_status":"open","ping_status":"closed","sticky":false,"template":"","format":"standard","meta":{"_seopress_robots_primary_cat":"","_seopress_titles_title":"","_seopress_titles_desc":"","_seopress_robots_index":"","_et_pb_use_builder":"","_et_pb_old_content":"","_et_gb_content_width":"","inline_featured_image":false,"footnotes":""},"categories":[14,12],"tags":[],"class_list":["post-260157","post","type-post","status-publish","format-standard","hentry","category-vijesti","category-prica-dana"],"_links":{"self":[{"href":"https:\/\/www.pcnen.com\/portal\/wp-json\/wp\/v2\/posts\/260157","targetHints":{"allow":["GET"]}}],"collection":[{"href":"https:\/\/www.pcnen.com\/portal\/wp-json\/wp\/v2\/posts"}],"about":[{"href":"https:\/\/www.pcnen.com\/portal\/wp-json\/wp\/v2\/types\/post"}],"author":[{"embeddable":true,"href":"https:\/\/www.pcnen.com\/portal\/wp-json\/wp\/v2\/users\/1"}],"replies":[{"embeddable":true,"href":"https:\/\/www.pcnen.com\/portal\/wp-json\/wp\/v2\/comments?post=260157"}],"version-history":[{"count":0,"href":"https:\/\/www.pcnen.com\/portal\/wp-json\/wp\/v2\/posts\/260157\/revisions"}],"wp:attachment":[{"href":"https:\/\/www.pcnen.com\/portal\/wp-json\/wp\/v2\/media?parent=260157"}],"wp:term":[{"taxonomy":"category","embeddable":true,"href":"https:\/\/www.pcnen.com\/portal\/wp-json\/wp\/v2\/categories?post=260157"},{"taxonomy":"post_tag","embeddable":true,"href":"https:\/\/www.pcnen.com\/portal\/wp-json\/wp\/v2\/tags?post=260157"}],"curies":[{"name":"wp","href":"https:\/\/api.w.org\/{rel}","templated":true}]}}