{"id":260140,"date":"2019-01-23T11:11:58","date_gmt":"2019-01-23T10:11:58","guid":{"rendered":"http:\/\/www.pcnen.com\/portal\/?p=260140"},"modified":"2019-01-23T15:10:52","modified_gmt":"2019-01-23T14:10:52","slug":"kongres-zabranio-trampu-da-izade-iz-nato","status":"publish","type":"post","link":"https:\/\/www.pcnen.com\/portal\/2019\/01\/23\/kongres-zabranio-trampu-da-izade-iz-nato\/","title":{"rendered":"Kongres zabranio Trampu da iza\u0111e iz NATO"},"content":{"rendered":"<p><img loading=\"lazy\" decoding=\"async\" class=\"alignright size-medium wp-image-256242\" src=\"http:\/\/www.pcnen.com\/portal\/wp-content\/uploads\/2018\/11\/Kongres-SAD-300x200.jpg\" alt=\"\" width=\"300\" height=\"200\" \/>Predstavni\u010dki dom ameri\u010dkog Kongresa usvojio je Zakon o podr\u0161ci NATO koji ometa predsjednika Donalda Trampa da iza\u0111e iz Alijanse, ako on krene na takav korak.<\/p>\n<p>Za Zakon je glasao 357 kongresmena, dok su protiv bila 22.<\/p>\n<p>Kongres ne mo\u017ee formalno da zabrani Trampu da iza\u0111e iz bloka, ali mo\u017ee da blokira finansiranje tog cilja. Ovu taktiku su u svoje vrijeme koristili u Kongresu kako bi omeli Baraka Obamu da zatvori zatvor u Guantanamu, prenosi sputniknews.com.<\/p>\n<p>Zakon Predstavni\u010dkog doma poziva \u010dlanice NATO da tro\u0161e obe\u0107anih dva odsto BDP za odbranu, o \u010demu stalno govori i Tramp. Zakon odobrava dalje finansiranje takozvane Evropske inicijative obuzdavanja koja je usmjerena protiv Rusije.<\/p>\n<p>Sli\u010dan zakon se razmatra i u Senatu SAD. Kako bi postao zakon, on mora biti usvojen u oba doma Kongresa i da ga predsjednik potpi\u0161e. Tramp mo\u017ee staviti veto na zakon koji Kongres mo\u017ee izbje\u0107i ako sakupi dovoljan broj glasova.<\/p>\n<p>Tramp \u010desto kritikuje NATO i govori da je blok zastario, ali i tra\u017ei od saveznika da plate &#8220;po\u0161teni dio&#8221; vojnih rashoda Alijanse, od kojih tri \u010detvrtine otpadaju na SAD. Me\u0111utim, Tramp nije javno nikad rekao da \u017eeli da iza\u0111e iz ovog vojnog bloka.<\/p>\n","protected":false},"excerpt":{"rendered":"<p>Kongres ne mo\u017ee formalno da zabrani Trampu da iza\u0111e iz bloka, ali mo\u017ee da blokira finansiranje tog cilja<\/p>\n","protected":false},"author":1,"featured_media":0,"comment_status":"open","ping_status":"closed","sticky":false,"template":"","format":"standard","meta":{"_seopress_robots_primary_cat":"","_seopress_titles_title":"","_seopress_titles_desc":"","_seopress_robots_index":"","_et_pb_use_builder":"","_et_pb_old_content":"","_et_gb_content_width":"","inline_featured_image":false,"footnotes":""},"categories":[14,12],"tags":[],"class_list":["post-260140","post","type-post","status-publish","format-standard","hentry","category-vijesti","category-prica-dana"],"_links":{"self":[{"href":"https:\/\/www.pcnen.com\/portal\/wp-json\/wp\/v2\/posts\/260140","targetHints":{"allow":["GET"]}}],"collection":[{"href":"https:\/\/www.pcnen.com\/portal\/wp-json\/wp\/v2\/posts"}],"about":[{"href":"https:\/\/www.pcnen.com\/portal\/wp-json\/wp\/v2\/types\/post"}],"author":[{"embeddable":true,"href":"https:\/\/www.pcnen.com\/portal\/wp-json\/wp\/v2\/users\/1"}],"replies":[{"embeddable":true,"href":"https:\/\/www.pcnen.com\/portal\/wp-json\/wp\/v2\/comments?post=260140"}],"version-history":[{"count":0,"href":"https:\/\/www.pcnen.com\/portal\/wp-json\/wp\/v2\/posts\/260140\/revisions"}],"wp:attachment":[{"href":"https:\/\/www.pcnen.com\/portal\/wp-json\/wp\/v2\/media?parent=260140"}],"wp:term":[{"taxonomy":"category","embeddable":true,"href":"https:\/\/www.pcnen.com\/portal\/wp-json\/wp\/v2\/categories?post=260140"},{"taxonomy":"post_tag","embeddable":true,"href":"https:\/\/www.pcnen.com\/portal\/wp-json\/wp\/v2\/tags?post=260140"}],"curies":[{"name":"wp","href":"https:\/\/api.w.org\/{rel}","templated":true}]}}