{"id":260135,"date":"2019-01-23T09:50:52","date_gmt":"2019-01-23T08:50:52","guid":{"rendered":"http:\/\/www.pcnen.com\/portal\/?p=260135"},"modified":"2019-01-23T09:50:52","modified_gmt":"2019-01-23T08:50:52","slug":"venecuela-na-ivici-gradanskog-rata","status":"publish","type":"post","link":"https:\/\/www.pcnen.com\/portal\/2019\/01\/23\/venecuela-na-ivici-gradanskog-rata\/","title":{"rendered":"Venecuela na ivici gra\u0111anskog rata"},"content":{"rendered":"<p>U Karakasu, glavnom gradu Venecuele, po\u010deli su sukobi vojske i demonstranata, <a href=\"https:\/\/rs-lat.sputniknews.com\/svet\/201901231118612784-KArakas-venecuela-video-\/\">prenosi Sputnjik.<\/a><\/p>\n<p>Poslanik opozicionog parlamenta Venecuele Hose Olivares je saop\u0161tio da je vec\u0301 pala i prva \u017ertva protesta.<\/p>\n<p>https:\/\/youtube.com\/watch?v=rx4esU5mnS4<\/p>\n<p>Masovni protesti su po\u010deli u ponedeljak, nakon <a href=\"http:\/\/www.pcnen.com\/portal\/2019\/01\/21\/pokusan-vojni-udar-u-venecueli\/\">neuspjele pobune u vojsci<\/a>.<\/p>\n<p>Ljudi su iza\u0161li na ulice, podr\u017eavajuc\u0301i grupu pobunjenih vojnika.<\/p>\n<p>Danas se o\u010dekuju najozbiljniji sukobi. Predsjednik parlamenta Huan Guaido je pozvao narod da iza\u0111e na ulice u znak protesta protiv predsjednika i njegovih pristalica.<\/p>\n<p>Pristalice predsjednika Nikolasa Madura namjeravaju da odr\u017ee mar\u0161 protiv stranih intervencija i za podr\u0161ku \u0161efa dr\u017eave.<\/p>\n","protected":false},"excerpt":{"rendered":"<p>Danas se o\u010dekuju najozbiljniji sukobi<\/p>\n","protected":false},"author":1,"featured_media":0,"comment_status":"open","ping_status":"closed","sticky":false,"template":"","format":"standard","meta":{"_seopress_robots_primary_cat":"","_seopress_titles_title":"","_seopress_titles_desc":"","_seopress_robots_index":"","_et_pb_use_builder":"","_et_pb_old_content":"","_et_gb_content_width":"","inline_featured_image":false,"footnotes":""},"categories":[14,12],"tags":[],"class_list":["post-260135","post","type-post","status-publish","format-standard","hentry","category-vijesti","category-prica-dana"],"_links":{"self":[{"href":"https:\/\/www.pcnen.com\/portal\/wp-json\/wp\/v2\/posts\/260135","targetHints":{"allow":["GET"]}}],"collection":[{"href":"https:\/\/www.pcnen.com\/portal\/wp-json\/wp\/v2\/posts"}],"about":[{"href":"https:\/\/www.pcnen.com\/portal\/wp-json\/wp\/v2\/types\/post"}],"author":[{"embeddable":true,"href":"https:\/\/www.pcnen.com\/portal\/wp-json\/wp\/v2\/users\/1"}],"replies":[{"embeddable":true,"href":"https:\/\/www.pcnen.com\/portal\/wp-json\/wp\/v2\/comments?post=260135"}],"version-history":[{"count":0,"href":"https:\/\/www.pcnen.com\/portal\/wp-json\/wp\/v2\/posts\/260135\/revisions"}],"wp:attachment":[{"href":"https:\/\/www.pcnen.com\/portal\/wp-json\/wp\/v2\/media?parent=260135"}],"wp:term":[{"taxonomy":"category","embeddable":true,"href":"https:\/\/www.pcnen.com\/portal\/wp-json\/wp\/v2\/categories?post=260135"},{"taxonomy":"post_tag","embeddable":true,"href":"https:\/\/www.pcnen.com\/portal\/wp-json\/wp\/v2\/tags?post=260135"}],"curies":[{"name":"wp","href":"https:\/\/api.w.org\/{rel}","templated":true}]}}