{"id":260129,"date":"2019-01-23T09:19:39","date_gmt":"2019-01-23T08:19:39","guid":{"rendered":"http:\/\/www.pcnen.com\/portal\/?p=260129"},"modified":"2019-01-23T09:19:39","modified_gmt":"2019-01-23T08:19:39","slug":"bar-bager-usao-na-mjesto-zlocina","status":"publish","type":"post","link":"https:\/\/www.pcnen.com\/portal\/2019\/01\/23\/bar-bager-usao-na-mjesto-zlocina\/","title":{"rendered":"Bar: Bager u\u0161ao na \u2018mjesto zlo\u010dina\u2019"},"content":{"rendered":"<div id=\"attachment_259823\" style=\"width: 310px\" class=\"wp-caption alignright\"><img loading=\"lazy\" decoding=\"async\" aria-describedby=\"caption-attachment-259823\" class=\"size-medium wp-image-259823\" src=\"http:\/\/www.pcnen.com\/portal\/wp-content\/uploads\/2019\/01\/cempresi-bar-300x176.jpg\" alt=\"\" width=\"300\" height=\"176\" srcset=\"https:\/\/www.pcnen.com\/portal\/wp-content\/uploads\/2019\/01\/cempresi-bar.jpg 300w, https:\/\/www.pcnen.com\/portal\/wp-content\/uploads\/2019\/01\/cempresi-bar-235x138.jpg 235w, https:\/\/www.pcnen.com\/portal\/wp-content\/uploads\/2019\/01\/cempresi-bar-75x44.jpg 75w, https:\/\/www.pcnen.com\/portal\/wp-content\/uploads\/2019\/01\/cempresi-bar-220x129.jpg 220w\" sizes=\"(max-width: 300px) 100vw, 300px\" \/><p id=\"caption-attachment-259823\" class=\"wp-caption-text\">Foto: Jedro.com<\/p><\/div>\n<p>Uz prisustvo ve\u0107eg broja pripadnika privatnog obezbje\u0111enja, jutros su na gradili\u0161te spornog vrti\u0107a u Baru u\u0161le gra\u0111evinske ma\u0161ine. Bager je odmah po\u010deo da ru\u0161i amfiteater i da ravna okolni teren.<\/p>\n<p>Ispred gradili\u0161ta stoji nekoliko desetina aktivista koji se protive izgradnji vrti\u0107a na tom mjestu, a pridru\u017eio im se dio u\u010denika Gimnazije, kao i nekoliko profesora,<a href=\"http:\/\/www.barinfo.me\/text.php?kategorija=1&amp;id=13410\"> javlja Barinfo.<\/a><\/p>\n<p>Na lokaciji su ranije <a href=\"http:\/\/www.pcnen.com\/portal\/2019\/01\/17\/pocelo-ubijanje-cempresa-u-baru\/\">posje\u010dena stabla \u010dempresa<\/a>.<\/p>\n<p>Ministarstvo obrazovanja, koje je investitor, nije sa\u010dekalo odluku Upravnog suda o zakonitosti gradnje vrti\u0107a na ovoj lokaciji.<\/p>\n<p>&nbsp;<\/p>\n","protected":false},"excerpt":{"rendered":"<p>Uz prisustvo ve\u0107eg broja pripadnika privatnog obezbje\u0111enja, jutros su na gradili\u0161te spornog vrti\u0107a u Baru u\u0161le gra\u0111evinske ma\u0161ine. Bager je odmah po\u010deo da ru\u0161i amfiteater i da ravna okolni teren. Ispred gradili\u0161ta stoji nekoliko desetina aktivista koji se protive izgradnji vrti\u0107a na tom mjestu, a pridru\u017eio im se dio u\u010denika Gimnazije, kao i nekoliko profesora, [&hellip;]<\/p>\n","protected":false},"author":1,"featured_media":259823,"comment_status":"open","ping_status":"closed","sticky":false,"template":"","format":"standard","meta":{"_seopress_robots_primary_cat":"","_seopress_titles_title":"","_seopress_titles_desc":"","_seopress_robots_index":"","_et_pb_use_builder":"","_et_pb_old_content":"","_et_gb_content_width":"","inline_featured_image":false,"footnotes":""},"categories":[14,12],"tags":[],"class_list":["post-260129","post","type-post","status-publish","format-standard","has-post-thumbnail","hentry","category-vijesti","category-prica-dana"],"_links":{"self":[{"href":"https:\/\/www.pcnen.com\/portal\/wp-json\/wp\/v2\/posts\/260129","targetHints":{"allow":["GET"]}}],"collection":[{"href":"https:\/\/www.pcnen.com\/portal\/wp-json\/wp\/v2\/posts"}],"about":[{"href":"https:\/\/www.pcnen.com\/portal\/wp-json\/wp\/v2\/types\/post"}],"author":[{"embeddable":true,"href":"https:\/\/www.pcnen.com\/portal\/wp-json\/wp\/v2\/users\/1"}],"replies":[{"embeddable":true,"href":"https:\/\/www.pcnen.com\/portal\/wp-json\/wp\/v2\/comments?post=260129"}],"version-history":[{"count":0,"href":"https:\/\/www.pcnen.com\/portal\/wp-json\/wp\/v2\/posts\/260129\/revisions"}],"wp:featuredmedia":[{"embeddable":true,"href":"https:\/\/www.pcnen.com\/portal\/wp-json\/wp\/v2\/media\/259823"}],"wp:attachment":[{"href":"https:\/\/www.pcnen.com\/portal\/wp-json\/wp\/v2\/media?parent=260129"}],"wp:term":[{"taxonomy":"category","embeddable":true,"href":"https:\/\/www.pcnen.com\/portal\/wp-json\/wp\/v2\/categories?post=260129"},{"taxonomy":"post_tag","embeddable":true,"href":"https:\/\/www.pcnen.com\/portal\/wp-json\/wp\/v2\/tags?post=260129"}],"curies":[{"name":"wp","href":"https:\/\/api.w.org\/{rel}","templated":true}]}}