{"id":260027,"date":"2019-01-21T14:07:45","date_gmt":"2019-01-21T13:07:45","guid":{"rendered":"http:\/\/www.pcnen.com\/portal\/?p=260027"},"modified":"2019-01-21T15:01:17","modified_gmt":"2019-01-21T14:01:17","slug":"dukanovic-priznao-da-je-knezevic-davao-novac-dps","status":"publish","type":"post","link":"https:\/\/www.pcnen.com\/portal\/2019\/01\/21\/dukanovic-priznao-da-je-knezevic-davao-novac-dps\/","title":{"rendered":"\u0110ukanovi\u0107 priznao da je Kne\u017eevi\u0107 davao novac DPS"},"content":{"rendered":"<p><img loading=\"lazy\" decoding=\"async\" class=\"alignright size-full wp-image-246929\" src=\"http:\/\/www.pcnen.com\/portal\/wp-content\/uploads\/2018\/05\/milo-zakletva.jpg\" alt=\"\" width=\"300\" height=\"210\" srcset=\"https:\/\/www.pcnen.com\/portal\/wp-content\/uploads\/2018\/05\/milo-zakletva.jpg 300w, https:\/\/www.pcnen.com\/portal\/wp-content\/uploads\/2018\/05\/milo-zakletva-235x165.jpg 235w, https:\/\/www.pcnen.com\/portal\/wp-content\/uploads\/2018\/05\/milo-zakletva-75x53.jpg 75w, https:\/\/www.pcnen.com\/portal\/wp-content\/uploads\/2018\/05\/milo-zakletva-220x154.jpg 220w\" sizes=\"(max-width: 300px) 100vw, 300px\" \/>Lider Demokratske partije socijalista (DPS) i predsjednik Crne Gore Milo \u0110ukanovi\u0107 je priznao da je predsjednik Atlas grupe Du\u0161ko Kne\u017eevi\u0107 davao donacije za DPS, ali da se ne radi o sumi koju je naveo.<\/p>\n<p>On nije, kako prenosi portal Vijesti, htio da odgovori o kojoj sumi je rije\u010d, samo je dodao da je to Slavoljub Stijepovi\u0107 rekao na saslu\u0161anju u Specijalnom tu\u017eila\u0161tvu.<\/p>\n<p>\u0110ukanovi\u0107 je kazao, kako prenosi portal Vijesti, da ni od koga nije tra\u017eio da poma\u017ee partiju, iako su odre\u0111eni ljudi iskazivali interesovanje.<\/p>\n<p>On je poru\u010dio da su u DPS spremni da odgovaraju ukoliko se doka\u017ee da je prekr\u0161en Zakon o finansiranju politi\u010dkih partija.<\/p>\n<p>\u0110ukanovi\u0107 je kazao da ku\u0107a kod Vile Gorica nije njegova, iako mu je vlasnik nudio na prodaju.<\/p>\n<p>Vila povr\u0161ine 2.000 metara kvadratnih nije registrovana u katastru Podgorice.<\/p>\n<p>\u0110ukanovi\u0107 je odgovarao na novinarska pitanja nakon sastanka sa predsjednikom Albanije, Ilirom Metom, koji danas boravi u zvani\u010dnoj posjeti Crnoj Gori.<\/p>\n","protected":false},"excerpt":{"rendered":"<p>Lider DPS nije htio da precizira o kojim iznosima je rije\u010d<\/p>\n","protected":false},"author":1,"featured_media":246929,"comment_status":"open","ping_status":"closed","sticky":false,"template":"","format":"standard","meta":{"_seopress_robots_primary_cat":"","_seopress_titles_title":"","_seopress_titles_desc":"","_seopress_robots_index":"","_et_pb_use_builder":"","_et_pb_old_content":"","_et_gb_content_width":"","inline_featured_image":false,"footnotes":""},"categories":[14,12],"tags":[],"class_list":["post-260027","post","type-post","status-publish","format-standard","has-post-thumbnail","hentry","category-vijesti","category-prica-dana"],"_links":{"self":[{"href":"https:\/\/www.pcnen.com\/portal\/wp-json\/wp\/v2\/posts\/260027","targetHints":{"allow":["GET"]}}],"collection":[{"href":"https:\/\/www.pcnen.com\/portal\/wp-json\/wp\/v2\/posts"}],"about":[{"href":"https:\/\/www.pcnen.com\/portal\/wp-json\/wp\/v2\/types\/post"}],"author":[{"embeddable":true,"href":"https:\/\/www.pcnen.com\/portal\/wp-json\/wp\/v2\/users\/1"}],"replies":[{"embeddable":true,"href":"https:\/\/www.pcnen.com\/portal\/wp-json\/wp\/v2\/comments?post=260027"}],"version-history":[{"count":0,"href":"https:\/\/www.pcnen.com\/portal\/wp-json\/wp\/v2\/posts\/260027\/revisions"}],"wp:featuredmedia":[{"embeddable":true,"href":"https:\/\/www.pcnen.com\/portal\/wp-json\/wp\/v2\/media\/246929"}],"wp:attachment":[{"href":"https:\/\/www.pcnen.com\/portal\/wp-json\/wp\/v2\/media?parent=260027"}],"wp:term":[{"taxonomy":"category","embeddable":true,"href":"https:\/\/www.pcnen.com\/portal\/wp-json\/wp\/v2\/categories?post=260027"},{"taxonomy":"post_tag","embeddable":true,"href":"https:\/\/www.pcnen.com\/portal\/wp-json\/wp\/v2\/tags?post=260027"}],"curies":[{"name":"wp","href":"https:\/\/api.w.org\/{rel}","templated":true}]}}