{"id":260017,"date":"2019-01-21T11:21:25","date_gmt":"2019-01-21T10:21:25","guid":{"rendered":"http:\/\/www.pcnen.com\/portal\/?p=260017"},"modified":"2019-01-21T13:43:52","modified_gmt":"2019-01-21T12:43:52","slug":"uhapsen-bivsi-viceguverner-cbcg","status":"publish","type":"post","link":"https:\/\/www.pcnen.com\/portal\/2019\/01\/21\/uhapsen-bivsi-viceguverner-cbcg\/","title":{"rendered":"Uhap\u0161en biv\u0161i viceguverner CBCG"},"content":{"rendered":"<p><img loading=\"lazy\" decoding=\"async\" src=\"http:\/\/www.pcnen.com\/portal\/wp-content\/uploads\/2019\/01\/milosevic-velibor.jpg\" alt=\"\" width=\"300\" height=\"234\" class=\"alignright size-full wp-image-260019\" srcset=\"https:\/\/www.pcnen.com\/portal\/wp-content\/uploads\/2019\/01\/milosevic-velibor.jpg 300w, https:\/\/www.pcnen.com\/portal\/wp-content\/uploads\/2019\/01\/milosevic-velibor-235x183.jpg 235w, https:\/\/www.pcnen.com\/portal\/wp-content\/uploads\/2019\/01\/milosevic-velibor-75x59.jpg 75w, https:\/\/www.pcnen.com\/portal\/wp-content\/uploads\/2019\/01\/milosevic-velibor-220x172.jpg 220w\" sizes=\"(max-width: 300px) 100vw, 300px\" \/>Biv\u0161i viceguverner Centralne banke <a href=\"http:\/\/www.pcnen.com\/portal\/2019\/01\/19\/knezevic-optuzio-bivseg-viceguvernera-milosevica-za-reketiranje\/\">Velibor Milo\u0161evi\u0107 <\/a>je uhap\u0161en rano jutros u svom stanu i sproveden na saslu\u0161anje u Specijalno tu\u017eila\u0161tvo.<\/p>\n<p>Specijalni tu\u017eilac ga saslu\u0161ava u svojstvu osumnji\u010denog. Pored njega, jutros su uhap\u0161ena i druga lica za koja se sumnja da pripadaju kriminalnoj organizaciji, za \u010dijeg \u0161efa je ozna\u010den Du\u0161ko Kne\u017eevi\u0107, prenosi portal Vijesti.<\/p>\n<p>U pretresu Milo\u0161evi\u0107evog stana je izuzeta dokumentacija. On je ju\u010de saslu\u0161avan u Specijalnom policijskom timu.<\/p>\n<p>Du\u0161ko Kne\u017eevi\u0107 tvrdi da mu je Milo\u0161evi\u0107 sugerisao da podmiti kontrolore koji su provjeravali zakonitost poslovanja njegove banke.<\/p>\n<p>Kne\u017eevi\u0107 je dostavio i snimak razgovora i tvrdi da je Milo\u0161evi\u0107u dao 100 hiljada eura.<\/p>\n<p>Komentari\u0161u\u0107i optu\u017ebe da je reketirao Kne\u017eevi\u0107a, Milo\u0161evi\u0107 je rekao da su neistiniti. U me\u0111uvremenu se <a href=\"http:\/\/www.pcnen.com\/portal\/2019\/01\/20\/cbcg-insistira-na-utvrdivanju-odgovornosti\/\">oglasila CBCG koja je <\/a>saop\u0161tila da \u0107e razmotriti dalji status Milo\u0161evi\u0107a.<\/p>\n","protected":false},"excerpt":{"rendered":"<p>Biv\u0161i viceguverner Centralne banke Velibor Milo\u0161evi\u0107 je uhap\u0161en rano jutros u svom stanu i sproveden na saslu\u0161anje u Specijalno tu\u017eila\u0161tvo. Specijalni tu\u017eilac ga saslu\u0161ava u svojstvu osumnji\u010denog. Pored njega, jutros su uhap\u0161ena i druga lica za koja se sumnja da pripadaju kriminalnoj organizaciji, za \u010dijeg \u0161efa je ozna\u010den Du\u0161ko Kne\u017eevi\u0107, prenosi portal Vijesti. U pretresu [&hellip;]<\/p>\n","protected":false},"author":1,"featured_media":260019,"comment_status":"open","ping_status":"closed","sticky":false,"template":"","format":"standard","meta":{"_seopress_robots_primary_cat":"","_seopress_titles_title":"","_seopress_titles_desc":"","_seopress_robots_index":"","_et_pb_use_builder":"","_et_pb_old_content":"","_et_gb_content_width":"","inline_featured_image":false,"footnotes":""},"categories":[14,12],"tags":[],"class_list":["post-260017","post","type-post","status-publish","format-standard","has-post-thumbnail","hentry","category-vijesti","category-prica-dana"],"_links":{"self":[{"href":"https:\/\/www.pcnen.com\/portal\/wp-json\/wp\/v2\/posts\/260017","targetHints":{"allow":["GET"]}}],"collection":[{"href":"https:\/\/www.pcnen.com\/portal\/wp-json\/wp\/v2\/posts"}],"about":[{"href":"https:\/\/www.pcnen.com\/portal\/wp-json\/wp\/v2\/types\/post"}],"author":[{"embeddable":true,"href":"https:\/\/www.pcnen.com\/portal\/wp-json\/wp\/v2\/users\/1"}],"replies":[{"embeddable":true,"href":"https:\/\/www.pcnen.com\/portal\/wp-json\/wp\/v2\/comments?post=260017"}],"version-history":[{"count":0,"href":"https:\/\/www.pcnen.com\/portal\/wp-json\/wp\/v2\/posts\/260017\/revisions"}],"wp:featuredmedia":[{"embeddable":true,"href":"https:\/\/www.pcnen.com\/portal\/wp-json\/wp\/v2\/media\/260019"}],"wp:attachment":[{"href":"https:\/\/www.pcnen.com\/portal\/wp-json\/wp\/v2\/media?parent=260017"}],"wp:term":[{"taxonomy":"category","embeddable":true,"href":"https:\/\/www.pcnen.com\/portal\/wp-json\/wp\/v2\/categories?post=260017"},{"taxonomy":"post_tag","embeddable":true,"href":"https:\/\/www.pcnen.com\/portal\/wp-json\/wp\/v2\/tags?post=260017"}],"curies":[{"name":"wp","href":"https:\/\/api.w.org\/{rel}","templated":true}]}}