{"id":260008,"date":"2019-01-21T09:26:54","date_gmt":"2019-01-21T08:26:54","guid":{"rendered":"http:\/\/www.pcnen.com\/portal\/?p=260008"},"modified":"2019-01-21T09:26:54","modified_gmt":"2019-01-21T08:26:54","slug":"centralna-banka-i-guverner-traze-iskljucenje-javnosti","status":"publish","type":"post","link":"https:\/\/www.pcnen.com\/portal\/2019\/01\/21\/centralna-banka-i-guverner-traze-iskljucenje-javnosti\/","title":{"rendered":"Centralna banka i guverner tra\u017ee isklju\u010denje javnosti"},"content":{"rendered":"<p><img loading=\"lazy\" decoding=\"async\" class=\"alignright  wp-image-249403\" src=\"http:\/\/www.pcnen.com\/portal\/wp-content\/uploads\/2018\/07\/irena_radovic.jpg\" alt=\"\" width=\"141\" height=\"124\" \/><img loading=\"lazy\" decoding=\"async\" class=\" wp-image-120094 alignleft\" src=\"http:\/\/www.pcnen.com\/portal\/wp-content\/uploads\/2013\/08\/radoje-zugic-e1548058818479.jpg\" alt=\"\" width=\"174\" height=\"106\" \/>Advokati guvernera Centralne banke Crne Gore Radoja \u017dugi\u0107a tra\u017ee da javnost bude isklju\u010dena sa su\u0111enja po tu\u017ebi biv\u0161e viceguvernerke Irene Radovi\u0107, objavio je Dan.<\/p>\n<p>Ovaj zahtjev se argumentuje tvrdnjama da bi prisustvo javnosti, zbog \u010dinjenice da CBCG ima va\u017enu ulogu, moglo negativno uticati na bankarski sistem i ekonomski sistem u cjelini,<\/p>\n<p>\u201cNemamo ni\u0161ta protiv medija i njihovih predstavnika. Uvjereni smo u neosnovanost tu\u017ebenog zahtjeva, a istog je svjesna i tu\u017eilja. CBCG je institucija koja svoju poslovnu politiku zasniva na transparentnosti rada u maksimalnoj mogu\u0107oj mjeri\u201d, navodi se u obrazlo\u017eenju zahtjeva za isklju\u010denje javnosti advokatskog tima CBCG i \u017dugi\u0107a.<\/p>\n<p>Radovi\u0107 je, nakon \u0161to je <a href=\"http:\/\/www.pcnen.com\/portal\/2018\/07\/05\/smijenjena-viceguvernerka-cbcg\/\">smijenjena s du\u017enosti viceguvernera<\/a>, tu\u017eila guvernera \u017dugi\u0107a za diskriminaciju i mobing.<\/p>\n<p>Su\u0111enje po ovoj tu\u017ebi najavljeno je za sjutra u podgori\u010dkom Osnovnom sudu.<\/p>\n<p>Radovi\u0107 je progla\u0161ena nestru\u010dnom i na teret joj je stavljeno odavanje poslovne tajne i predlaganje odluka u li\u010dnom interesu.<\/p>\n<p>CBCG je posljednjih dana u fokusu pa\u017enje javnosti zbog <a href=\"http:\/\/www.pcnen.com\/portal\/2019\/01\/19\/knezevic-optuzio-bivseg-viceguvernera-milosevica-za-reketiranje\/\">optu\u017ebi koje je na njen ra\u010dun iznio predsjednik Atlas grupe Du\u0161ko Kne\u017eevi\u0107,<\/a> koga Specijalno tu\u017eila\u0161tvo sumnji\u010di za ozbiljna krivi\u010dna djela.<\/p>\n","protected":false},"excerpt":{"rendered":"<p>Advokati guvernera Centralne banke Crne Gore Radoja \u017dugi\u0107a tra\u017ee da javnost bude isklju\u010dena sa su\u0111enja po tu\u017ebi biv\u0161e viceguvernerke Irene Radovi\u0107, objavio je Dan. Ovaj zahtjev se argumentuje tvrdnjama da bi prisustvo javnosti, zbog \u010dinjenice da CBCG ima va\u017enu ulogu, moglo negativno uticati na bankarski sistem i ekonomski sistem u cjelini, \u201cNemamo ni\u0161ta protiv medija [&hellip;]<\/p>\n","protected":false},"author":1,"featured_media":0,"comment_status":"open","ping_status":"closed","sticky":false,"template":"","format":"standard","meta":{"_seopress_robots_primary_cat":"","_seopress_titles_title":"","_seopress_titles_desc":"","_seopress_robots_index":"","_et_pb_use_builder":"","_et_pb_old_content":"","_et_gb_content_width":"","inline_featured_image":false,"footnotes":""},"categories":[14,12],"tags":[],"class_list":["post-260008","post","type-post","status-publish","format-standard","hentry","category-vijesti","category-prica-dana"],"_links":{"self":[{"href":"https:\/\/www.pcnen.com\/portal\/wp-json\/wp\/v2\/posts\/260008","targetHints":{"allow":["GET"]}}],"collection":[{"href":"https:\/\/www.pcnen.com\/portal\/wp-json\/wp\/v2\/posts"}],"about":[{"href":"https:\/\/www.pcnen.com\/portal\/wp-json\/wp\/v2\/types\/post"}],"author":[{"embeddable":true,"href":"https:\/\/www.pcnen.com\/portal\/wp-json\/wp\/v2\/users\/1"}],"replies":[{"embeddable":true,"href":"https:\/\/www.pcnen.com\/portal\/wp-json\/wp\/v2\/comments?post=260008"}],"version-history":[{"count":0,"href":"https:\/\/www.pcnen.com\/portal\/wp-json\/wp\/v2\/posts\/260008\/revisions"}],"wp:attachment":[{"href":"https:\/\/www.pcnen.com\/portal\/wp-json\/wp\/v2\/media?parent=260008"}],"wp:term":[{"taxonomy":"category","embeddable":true,"href":"https:\/\/www.pcnen.com\/portal\/wp-json\/wp\/v2\/categories?post=260008"},{"taxonomy":"post_tag","embeddable":true,"href":"https:\/\/www.pcnen.com\/portal\/wp-json\/wp\/v2\/tags?post=260008"}],"curies":[{"name":"wp","href":"https:\/\/api.w.org\/{rel}","templated":true}]}}