{"id":260005,"date":"2019-01-21T08:57:43","date_gmt":"2019-01-21T07:57:43","guid":{"rendered":"http:\/\/www.pcnen.com\/portal\/?p=260005"},"modified":"2019-01-21T08:58:12","modified_gmt":"2019-01-21T07:58:12","slug":"taci-razmjena-teritorije-najbolji-nacin-za-napredak-ka-eu-i-nato","status":"publish","type":"post","link":"https:\/\/www.pcnen.com\/portal\/2019\/01\/21\/taci-razmjena-teritorije-najbolji-nacin-za-napredak-ka-eu-i-nato\/","title":{"rendered":"Ta\u010di: Razmjena teritorije najbolji na\u010din za napredak ka EU i NATO"},"content":{"rendered":"<p><img loading=\"lazy\" decoding=\"async\" class=\"alignright size-full wp-image-191640\" src=\"http:\/\/www.pcnen.com\/portal\/wp-content\/uploads\/2015\/10\/Hasim-Taci.jpg\" alt=\"\" width=\"303\" height=\"166\" \/>Predsjednik Kosova Ha\u0161im Ta\u010di vidi planove o razmjeni teritorija sa Srbijom kao najbolji na\u010din za napredak u pristupanju EU i NATO, prenosi Beta.<\/p>\n<p>&#8220;Sporazum bi stvorio vi\u0161e stabilnosti i mira u regionu, a Kosovu, kao i Srbiji, omogu\u0107io bi da se pridru\u017ei EU i NATO&#8221;, rekao je Ta\u010di u intervjuu austrijskoj agenciji APA u Be\u010du, prenosi danas Viner cajtung.<\/p>\n<p>Ta\u010di je rekao da to ne zna\u010di povla\u010denje granica po etni\u010dkim linijama.<\/p>\n<p>&#8220;Ne\u0107e biti monoetni\u010dke granice, obje zemlje \u0107e biti multietni\u010dke&#8221;, rekao je on.<\/p>\n<p>APA dodaje da su tenzije na sjeveru Kosova jedan od razloga za \u0161to skorije zaklju\u010divanje sporazuma sa Srbijom.<\/p>\n<p>&#8220;Sporazum zna\u010di da nikada vi\u0161e ne\u0107e biti rata izme\u0111u dvije zemlje, da \u0107e ljudi imati bolji \u017eivot jer \u0107e sporazum pobolj\u0161ati ekonomsku situaciju, stvoriti vi\u0161e radnih mjesta i otvoriti granice&#8221; rekao je Ta\u010di i dodao da je uzor &#8220;evropski model&#8221;.<\/p>\n<p>\u0160anse za uspje\u0161an dogovor ve\u0107e su nego ikada, jer i EU i SAD podr\u017eavaju plan. &#8220;Novo je da bi i Rusija bila spremna da prihvati sporazum koji bi prihvatile obje strane&#8221;, dodao je Ta\u010di.<\/p>\n","protected":false},"excerpt":{"rendered":"<p>Predsjednik Kosova Ha\u0161im Ta\u010di vidi planove o razmjeni teritorija sa Srbijom kao najbolji na\u010din za napredak u pristupanju EU i NATO, prenosi Beta. &#8220;Sporazum bi stvorio vi\u0161e stabilnosti i mira u regionu, a Kosovu, kao i Srbiji, omogu\u0107io bi da se pridru\u017ei EU i NATO&#8221;, rekao je Ta\u010di u intervjuu austrijskoj agenciji APA u Be\u010du, [&hellip;]<\/p>\n","protected":false},"author":1,"featured_media":0,"comment_status":"open","ping_status":"closed","sticky":false,"template":"","format":"standard","meta":{"_seopress_robots_primary_cat":"","_seopress_titles_title":"","_seopress_titles_desc":"","_seopress_robots_index":"","_et_pb_use_builder":"","_et_pb_old_content":"","_et_gb_content_width":"","inline_featured_image":false,"footnotes":""},"categories":[14,12],"tags":[],"class_list":["post-260005","post","type-post","status-publish","format-standard","hentry","category-vijesti","category-prica-dana"],"_links":{"self":[{"href":"https:\/\/www.pcnen.com\/portal\/wp-json\/wp\/v2\/posts\/260005","targetHints":{"allow":["GET"]}}],"collection":[{"href":"https:\/\/www.pcnen.com\/portal\/wp-json\/wp\/v2\/posts"}],"about":[{"href":"https:\/\/www.pcnen.com\/portal\/wp-json\/wp\/v2\/types\/post"}],"author":[{"embeddable":true,"href":"https:\/\/www.pcnen.com\/portal\/wp-json\/wp\/v2\/users\/1"}],"replies":[{"embeddable":true,"href":"https:\/\/www.pcnen.com\/portal\/wp-json\/wp\/v2\/comments?post=260005"}],"version-history":[{"count":0,"href":"https:\/\/www.pcnen.com\/portal\/wp-json\/wp\/v2\/posts\/260005\/revisions"}],"wp:attachment":[{"href":"https:\/\/www.pcnen.com\/portal\/wp-json\/wp\/v2\/media?parent=260005"}],"wp:term":[{"taxonomy":"category","embeddable":true,"href":"https:\/\/www.pcnen.com\/portal\/wp-json\/wp\/v2\/categories?post=260005"},{"taxonomy":"post_tag","embeddable":true,"href":"https:\/\/www.pcnen.com\/portal\/wp-json\/wp\/v2\/tags?post=260005"}],"curies":[{"name":"wp","href":"https:\/\/api.w.org\/{rel}","templated":true}]}}