{"id":259991,"date":"2019-01-20T21:10:10","date_gmt":"2019-01-20T20:10:10","guid":{"rendered":"http:\/\/www.pcnen.com\/portal\/?p=259991"},"modified":"2019-01-20T21:10:10","modified_gmt":"2019-01-20T20:10:10","slug":"padavine-se-najavljuju-za-kraj-dana-i-navece","status":"publish","type":"post","link":"https:\/\/www.pcnen.com\/portal\/2019\/01\/20\/padavine-se-najavljuju-za-kraj-dana-i-navece\/","title":{"rendered":"Padavine se najavljuju za kraj dana i nave\u010de"},"content":{"rendered":"<p><img loading=\"lazy\" decoding=\"async\" class=\"size-full wp-image-71560 alignright\" src=\"http:\/\/www.pcnen.com\/portal\/wp-content\/uploads\/2011\/12\/drva-za-ogrijev.jpg\" alt=\"\" width=\"309\" height=\"163\" \/>U ponedjeljak \u0107e biti umjereno do prete\u017eno obla\u010dno; tokom dana \u0107e u ve\u0107em dijelu Crne Gore biti uglavnom bez padavina. Mjestimi\u010dne padavine se najavljuju za kraj dana i nave\u010de.<\/p>\n<p>Vjetar \u0107e uglavnom duvati s juga i istoka i bi\u0107e slab do umjeren, a du\u017e obale ponegdje kratkotrajno i poja\u010dan.<\/p>\n<p>Jutarnja temperatura vazduha bi\u0107e u rasponu od -3 do 8, a najvi\u0161a dnevna od 1 do 13 stepeni.<\/p>\n<p>U Podgorici \u0107e biti promjenljivo do prete\u017eno obla\u010dno i ve\u0107im dijelom dana uglavnom suvo. Vi\u0161e uslova za padavine bi\u0107e nave\u010de. Slab do umjeren vjetar \u0107e duvati uglavnom sa istoka. Jutarnja temperatura vazduha bi\u0107e oko 3, a najvi\u0161a dnevna do 10 stepeni.<\/p>\n<p><a href=\"http:\/\/www.meteo.co.me\/misc.php?text=121&amp;sektor=1&amp;grad=KOL\">Prognoza za ostale gradove.<\/a><\/p>\n","protected":false},"excerpt":{"rendered":"<p>Vjetar \u0107e uglavnom duvati s juga i istoka i bi\u0107e slab do umjeren, a du\u017e obale ponegdje kratkotrajno i poja\u010dan<\/p>\n","protected":false},"author":1,"featured_media":0,"comment_status":"open","ping_status":"closed","sticky":false,"template":"","format":"standard","meta":{"_seopress_robots_primary_cat":"","_seopress_titles_title":"","_seopress_titles_desc":"","_seopress_robots_index":"","_et_pb_use_builder":"","_et_pb_old_content":"","_et_gb_content_width":"","inline_featured_image":false,"footnotes":""},"categories":[14,12],"tags":[],"class_list":["post-259991","post","type-post","status-publish","format-standard","hentry","category-vijesti","category-prica-dana"],"_links":{"self":[{"href":"https:\/\/www.pcnen.com\/portal\/wp-json\/wp\/v2\/posts\/259991","targetHints":{"allow":["GET"]}}],"collection":[{"href":"https:\/\/www.pcnen.com\/portal\/wp-json\/wp\/v2\/posts"}],"about":[{"href":"https:\/\/www.pcnen.com\/portal\/wp-json\/wp\/v2\/types\/post"}],"author":[{"embeddable":true,"href":"https:\/\/www.pcnen.com\/portal\/wp-json\/wp\/v2\/users\/1"}],"replies":[{"embeddable":true,"href":"https:\/\/www.pcnen.com\/portal\/wp-json\/wp\/v2\/comments?post=259991"}],"version-history":[{"count":0,"href":"https:\/\/www.pcnen.com\/portal\/wp-json\/wp\/v2\/posts\/259991\/revisions"}],"wp:attachment":[{"href":"https:\/\/www.pcnen.com\/portal\/wp-json\/wp\/v2\/media?parent=259991"}],"wp:term":[{"taxonomy":"category","embeddable":true,"href":"https:\/\/www.pcnen.com\/portal\/wp-json\/wp\/v2\/categories?post=259991"},{"taxonomy":"post_tag","embeddable":true,"href":"https:\/\/www.pcnen.com\/portal\/wp-json\/wp\/v2\/tags?post=259991"}],"curies":[{"name":"wp","href":"https:\/\/api.w.org\/{rel}","templated":true}]}}