{"id":259894,"date":"2019-01-18T22:26:31","date_gmt":"2019-01-18T21:26:31","guid":{"rendered":"http:\/\/www.pcnen.com\/portal\/?p=259894"},"modified":"2019-01-18T22:26:31","modified_gmt":"2019-01-18T21:26:31","slug":"pretezno-oblacno-sa-padavinama-5","status":"publish","type":"post","link":"https:\/\/www.pcnen.com\/portal\/2019\/01\/18\/pretezno-oblacno-sa-padavinama-5\/","title":{"rendered":"Prete\u017eno obla\u010dno sa padavinama"},"content":{"rendered":"<p><img loading=\"lazy\" decoding=\"async\" class=\"alignright size-medium wp-image-100079\" src=\"http:\/\/www.pcnen.com\/portal\/wp-content\/uploads\/2012\/11\/susnjezica-300x181.jpg\" alt=\"\" width=\"300\" height=\"181\" \/>U ju\u017enim i centralnim djelovima Crne Gore ki\u0161a \u0107e padati povremeno, a ponegdje \u0107e biti \u00a0kratkotrajnih pljuskova i grmljavine.<\/p>\n<p>Na sjeveru zemlje \u0107e u vi\u0161im predjelima padati snijeg i susnje\u017eica, a u ni\u017eim ki\u0161a sa ili bez susnje\u017eice.<\/p>\n<p>Na krajnjem sjeveru i sjeveroistoku zemlje bi\u0107e du\u017eih perioda suvote.<\/p>\n<p>Intenzivnije padavine o\u010dekuju se krajem dana i tokom no\u0107i.<\/p>\n<p>Vjetar \u0107e uglavnom duvat s juga i bi\u0107e slab do umjeren, a samo ponegdje poja\u010dan.<\/p>\n<p>Jutarnja temperatura vazduha bi\u0107e u rasponu od -3 do 8, a najvi\u0161a dnevna od 0 do 13 stepeni.<\/p>\n<p>U Podgorici \u0107e biti prete\u017eno obla\u010dno, ki\u0161a \u0107e dolaziti povremeno, a bi\u0107e mogu\u0107i i kratkotrajni pljuskovi, prvenstveno krajem dana i tokom no\u0107i. Promjenljiv vjetar bi\u0107e slab do umjeren. Jutarnja temperatura vazduha bi\u0107e oko 5, a najvi\u0161a dnevna oko 9 stepeni.<\/p>\n<p><a href=\"http:\/\/www.meteo.co.me\/misc.php?text=121&amp;sektor=1&amp;grad=DAN\">Prognoza za ostale gradove.<\/a><\/p>\n","protected":false},"excerpt":{"rendered":"<p>Ki\u0161a na jugu i u centralnim krajevima Crne Gore, a snijeg i susnje\u017eica u planinama na sjeveru<\/p>\n","protected":false},"author":1,"featured_media":0,"comment_status":"open","ping_status":"closed","sticky":false,"template":"","format":"standard","meta":{"_seopress_robots_primary_cat":"","_seopress_titles_title":"","_seopress_titles_desc":"","_seopress_robots_index":"","_et_pb_use_builder":"","_et_pb_old_content":"","_et_gb_content_width":"","inline_featured_image":false,"footnotes":""},"categories":[14,12],"tags":[],"class_list":["post-259894","post","type-post","status-publish","format-standard","hentry","category-vijesti","category-prica-dana"],"_links":{"self":[{"href":"https:\/\/www.pcnen.com\/portal\/wp-json\/wp\/v2\/posts\/259894","targetHints":{"allow":["GET"]}}],"collection":[{"href":"https:\/\/www.pcnen.com\/portal\/wp-json\/wp\/v2\/posts"}],"about":[{"href":"https:\/\/www.pcnen.com\/portal\/wp-json\/wp\/v2\/types\/post"}],"author":[{"embeddable":true,"href":"https:\/\/www.pcnen.com\/portal\/wp-json\/wp\/v2\/users\/1"}],"replies":[{"embeddable":true,"href":"https:\/\/www.pcnen.com\/portal\/wp-json\/wp\/v2\/comments?post=259894"}],"version-history":[{"count":0,"href":"https:\/\/www.pcnen.com\/portal\/wp-json\/wp\/v2\/posts\/259894\/revisions"}],"wp:attachment":[{"href":"https:\/\/www.pcnen.com\/portal\/wp-json\/wp\/v2\/media?parent=259894"}],"wp:term":[{"taxonomy":"category","embeddable":true,"href":"https:\/\/www.pcnen.com\/portal\/wp-json\/wp\/v2\/categories?post=259894"},{"taxonomy":"post_tag","embeddable":true,"href":"https:\/\/www.pcnen.com\/portal\/wp-json\/wp\/v2\/tags?post=259894"}],"curies":[{"name":"wp","href":"https:\/\/api.w.org\/{rel}","templated":true}]}}