{"id":259853,"date":"2019-01-18T16:32:47","date_gmt":"2019-01-18T15:32:47","guid":{"rendered":"http:\/\/www.pcnen.com\/portal\/?p=259853"},"modified":"2019-01-18T16:49:40","modified_gmt":"2019-01-18T15:49:40","slug":"bar-protestna-setnja-zbog-sjece-cempresa","status":"publish","type":"post","link":"https:\/\/www.pcnen.com\/portal\/2019\/01\/18\/bar-protestna-setnja-zbog-sjece-cempresa\/","title":{"rendered":"Bar: Protestna \u0161etnja zbog sje\u010de \u010dempresa"},"content":{"rendered":"<div id=\"attachment_259823\" style=\"width: 310px\" class=\"wp-caption alignright\"><img loading=\"lazy\" decoding=\"async\" aria-describedby=\"caption-attachment-259823\" class=\"size-medium wp-image-259823\" src=\"http:\/\/www.pcnen.com\/portal\/wp-content\/uploads\/2019\/01\/cempresi-bar-300x176.jpg\" alt=\"\" width=\"300\" height=\"176\" srcset=\"https:\/\/www.pcnen.com\/portal\/wp-content\/uploads\/2019\/01\/cempresi-bar.jpg 300w, https:\/\/www.pcnen.com\/portal\/wp-content\/uploads\/2019\/01\/cempresi-bar-235x138.jpg 235w, https:\/\/www.pcnen.com\/portal\/wp-content\/uploads\/2019\/01\/cempresi-bar-75x44.jpg 75w, https:\/\/www.pcnen.com\/portal\/wp-content\/uploads\/2019\/01\/cempresi-bar-220x129.jpg 220w\" sizes=\"(max-width: 300px) 100vw, 300px\" \/><p id=\"caption-attachment-259823\" class=\"wp-caption-text\">Foto: Jedro.com<\/p><\/div>\n<p>Protestna \u0161etnja zbog sje\u010de \u010dempresa u dvori\u0161ti barske gimnazije, odr\u017eana je danas u tom gradu. Na protestnoj \u0161etnji bilo je nekoliko stotina gra\u0111ana i gra\u0111anki.<\/p>\n<p>U dvori\u0161tu gimnazije Niko Rolovi\u0107, gdje je planirana gradnja vrti\u0107a, <a href=\"http:\/\/www.pcnen.com\/portal\/2019\/01\/17\/pocelo-ubijanje-cempresa-u-baru\/\">ju\u010de je posije\u010deno 40 \u010dempresa starih vi\u0161e od 90 godina<\/a>.<\/p>\n<p>Organizatori protesta su najavili na dru\u0161tvenim mre\u017eama da \u0107e se gra\u0111ani okupiti danas u 15 sati ispred zgrade Op\u0161tine Bar.<\/p>\n<blockquote><p>&#8220;Te\u0161ko je rije\u010dima opisati nepravdu, patnju i apsurd. Krupne rije\u010di djeluju pretjerano dramati\u010dno, one obi\u010dne nedovoljno sna\u017eno. Ju\u010de je Bar svjedo\u010dio pogubljenju jednog parka, \u010dija va\u017enost za gra\u0111ane je dokazana u mjesecima koji su prethodili ovom \u010dinu. Pogubljeno je i po\u0161tovanje koje smo imali prema institucijama, \u010dija je svrha da nas vode ka razvoju i blagostanju. Uga\u017eeno je na glas preko \u010detiri hiljade gra\u0111ana, koji su potpisali peticiju sa samo jednim zahtjevom a to je da se prona\u0111e druga lokacija za pred\u0161kolsku ustanovu, kako se ne bi posjeklo preko 80 stabala, i kako bi bili ispunjeni uslovi propisani zakonom za izgradnju jedne takve ustanove.<\/p>\n<p>Ogla\u0161avamo se da jo\u0161 jednom podvu\u010demo bol i bijes zbog onoga \u0161to se desilo. Napravili su nam groblje u centru grada, bez potrebe. U svoju odbranu su rekli da je projekat i sve vezano za izgradnju ura\u0111eno u skladu sa zakonom, \u0161to smo utvrdili da je daleko od svake istine i \u0161to smo obrazlo\u017eili u tu\u017ebi podnijetoj Upravnom sudu. Sramno je da se vlast krije od volje gra\u0111ana iza propisa i zakona, za koje znaju da nisu ispo\u0161tovani na svrsishodan na\u010din. U doba mira, ne treba da postoji vi\u0161a sila od volje gra\u0111ana za dobru vlast. Nema toga projekta koji se ne mo\u017ee ispraviti.<\/p>\n<p>Imamo jednu poruku koju naro\u010dito \u017eelimo da podijelimo sa na\u0161im sugra\u0111anima i svima uostalom. Potrebno je izboriti se za sistem u kome \u0107e javne rasprave biti adekvatno organizovane, u kome \u0107e njihova svrha biti ispo\u0161tovana a ljudi \u0107e imati priliku da brane ono \u0161to je njihovo i do \u010dega im je stalo. Tu\u017eno je \u0161to postoji potreba za odbranom parkova od gradskih vlasti ali nas su ju\u010de nasilno uvjerili da je itekako realna. Moramo nastaviti da se borimo jer u suprotnom ko zna \u0161ta \u0107emo slede\u0107e izgubiti&#8221;, poruka je organizatora protesta.<\/p><\/blockquote>\n<p>Gra\u0111ani \u0107e od zgrade op\u0161tine pro\u0161etati do novog groblja u centru grada gdje \u0107e &#8220;zapaliti svije\u0107u za pale drugove&#8221;.<\/p>\n<p>Opozicione politi\u010dke partije su se oglasile poodom sje\u010de \u010dempresa, \u0161to je objavljeno na <a href=\"http:\/\/www.barinfo.me\/text.php?kategorija=1&amp;id=13383\">lokalnom portalu Barinfo.<\/a><\/p>\n","protected":false},"excerpt":{"rendered":"<p>Protestna \u0161etnja zbog sje\u010de \u010dempresa u dvori\u0161ti barske gimnazije, odr\u017eana je danas u tom gradu. Na protestnoj \u0161etnji bilo je nekoliko stotina gra\u0111ana i gra\u0111anki. U dvori\u0161tu gimnazije Niko Rolovi\u0107, gdje je planirana gradnja vrti\u0107a, ju\u010de je posije\u010deno 40 \u010dempresa starih vi\u0161e od 90 godina. Organizatori protesta su najavili na dru\u0161tvenim mre\u017eama da \u0107e se [&hellip;]<\/p>\n","protected":false},"author":1,"featured_media":259823,"comment_status":"open","ping_status":"closed","sticky":false,"template":"","format":"standard","meta":{"_seopress_robots_primary_cat":"","_seopress_titles_title":"","_seopress_titles_desc":"","_seopress_robots_index":"","_et_pb_use_builder":"","_et_pb_old_content":"","_et_gb_content_width":"","inline_featured_image":false,"footnotes":""},"categories":[14,12],"tags":[],"class_list":["post-259853","post","type-post","status-publish","format-standard","has-post-thumbnail","hentry","category-vijesti","category-prica-dana"],"_links":{"self":[{"href":"https:\/\/www.pcnen.com\/portal\/wp-json\/wp\/v2\/posts\/259853","targetHints":{"allow":["GET"]}}],"collection":[{"href":"https:\/\/www.pcnen.com\/portal\/wp-json\/wp\/v2\/posts"}],"about":[{"href":"https:\/\/www.pcnen.com\/portal\/wp-json\/wp\/v2\/types\/post"}],"author":[{"embeddable":true,"href":"https:\/\/www.pcnen.com\/portal\/wp-json\/wp\/v2\/users\/1"}],"replies":[{"embeddable":true,"href":"https:\/\/www.pcnen.com\/portal\/wp-json\/wp\/v2\/comments?post=259853"}],"version-history":[{"count":0,"href":"https:\/\/www.pcnen.com\/portal\/wp-json\/wp\/v2\/posts\/259853\/revisions"}],"wp:featuredmedia":[{"embeddable":true,"href":"https:\/\/www.pcnen.com\/portal\/wp-json\/wp\/v2\/media\/259823"}],"wp:attachment":[{"href":"https:\/\/www.pcnen.com\/portal\/wp-json\/wp\/v2\/media?parent=259853"}],"wp:term":[{"taxonomy":"category","embeddable":true,"href":"https:\/\/www.pcnen.com\/portal\/wp-json\/wp\/v2\/categories?post=259853"},{"taxonomy":"post_tag","embeddable":true,"href":"https:\/\/www.pcnen.com\/portal\/wp-json\/wp\/v2\/tags?post=259853"}],"curies":[{"name":"wp","href":"https:\/\/api.w.org\/{rel}","templated":true}]}}