{"id":259818,"date":"2019-01-17T16:36:55","date_gmt":"2019-01-17T15:36:55","guid":{"rendered":"http:\/\/www.pcnen.com\/portal\/?p=259818"},"modified":"2019-01-17T17:14:41","modified_gmt":"2019-01-17T16:14:41","slug":"mitropolija-zenka-drsko-obmanuo-javnost","status":"publish","type":"post","link":"https:\/\/www.pcnen.com\/portal\/2019\/01\/17\/mitropolija-zenka-drsko-obmanuo-javnost\/","title":{"rendered":"Mitropolija: Zenka drsko obmanuo javnost"},"content":{"rendered":"<p><img loading=\"lazy\" decoding=\"async\" src=\"http:\/\/www.pcnen.com\/portal\/wp-content\/uploads\/2012\/12\/razgovor.jpg\" alt=\"\" width=\"225\" height=\"224\" class=\"alignright size-full wp-image-100247\" \/>Mitropolija crnogorsko-primorska je saop\u0161tila danas da nikada nije dobila poziv, niti je poziv dobila neka druga eparhija SPC u Crnoj Gori, od Minisarstva za ljudska i manjinska prava za u\u010de\u0161\u0107e u raspravi o Nacrtu zakona o slobodi vjeroispovesti.<\/p>\n<p>Resorni ministar Memhed Zenka, <a href=\"http:\/\/www.pcnen.com\/portal\/2019\/01\/15\/zenka-drzavi-cemo-vratiti-njeno\/\">izjavio je ranije da <\/a>Mitropolija nije spremna da sara\u0111uje sa njegovim ministarstvom na pripremi Nacrta zakona o slobodi vjeroispovijesti.<\/p>\n<p>\u201eZenka je svjesno i drsko vi\u0161e puta obmanuo javnost, jer Ministarstvo nikada nije uputilo poziv MCP, kao ni drugim eparhijama na\u0161e Crkve u Crnoj Gori, da u\u010destvuju u pripremi Nacrta zakona o slobodi vjeroispovijesti\u201c, n<a href=\"https:\/\/mitropolija.com\/2019\/01\/17\/mitropolija-ministar-zenga-ombanjuje-javnost-i-nastavlja-sa-diskriminacijom-pravoslavne-crkve\/\">avodi se u saop\u0161tenju.<\/a><\/p>\n<p>MCP je pozvala ministra Mehmeda Zenku da javnosti pru\u017ei na uvid dokaz da je takav poziv uputio Mitropoliji i da je odbijen.<\/p>\n<p>\u201eNaprotiv, Mitropolija i ostale eparhije SPC su godinama javno, kao i neposredno prilikom susreta sa Zenkinim prethodnikom ministrom Suadom Numanovi\u0107em, tra\u017eile da delegiraju svoje predstavnike u Radnu grupu na isti na\u010din i u istom obimu prava kao i svi drugi zainteresovani subjekti\u201c, ka\u017ee se u saop\u0161tenju.<\/p>\n<p>Kako se dodaje, Mitropolija ni posle tri godine od zavr\u0161etka javne rasprave o Nacrtu zakona o slobodi vjeroispovijesti nije dobila odgovore na primjedbe i predloge, koji su blagovremeno dostavljeni Ministarstvu.<\/p>\n<p>\u201eUmjesto da prestane da postupa diskriminatorno prema pravoslavnoj crkvi u Crnoj Gori i kona\u010dno po\u010dne da postupa civilizovano i nepristrasno, po\u0161tuju\u0107i ljudska prava svih, pa i sve\u0161tenstva, mona\u0161tva i vjernika, Zenka javno iznosi brutalne neistine\u201c, naveli su iz MCP.<\/p>\n<p>Oni su ponovili da Zenka nikada nije tra\u017eio prijem i sastanak sa MCP i njenim predstavnicima bilo kojim povodom, pa ni povodom izrade novog zakona.<\/p>\n","protected":false},"excerpt":{"rendered":"<p>Mitropolija crnogorsko-primorska je saop\u0161tila danas da nikada nije dobila poziv, niti je poziv dobila neka druga eparhija SPC u Crnoj Gori, od Minisarstva za ljudska i manjinska prava za u\u010de\u0161\u0107e u raspravi o Nacrtu zakona o slobodi vjeroispovesti. Resorni ministar Memhed Zenka, izjavio je ranije da Mitropolija nije spremna da sara\u0111uje sa njegovim ministarstvom na [&hellip;]<\/p>\n","protected":false},"author":1,"featured_media":0,"comment_status":"open","ping_status":"closed","sticky":false,"template":"","format":"standard","meta":{"_seopress_robots_primary_cat":"","_seopress_titles_title":"","_seopress_titles_desc":"","_seopress_robots_index":"","_et_pb_use_builder":"","_et_pb_old_content":"","_et_gb_content_width":"","inline_featured_image":false,"footnotes":""},"categories":[14,12],"tags":[],"class_list":["post-259818","post","type-post","status-publish","format-standard","hentry","category-vijesti","category-prica-dana"],"_links":{"self":[{"href":"https:\/\/www.pcnen.com\/portal\/wp-json\/wp\/v2\/posts\/259818","targetHints":{"allow":["GET"]}}],"collection":[{"href":"https:\/\/www.pcnen.com\/portal\/wp-json\/wp\/v2\/posts"}],"about":[{"href":"https:\/\/www.pcnen.com\/portal\/wp-json\/wp\/v2\/types\/post"}],"author":[{"embeddable":true,"href":"https:\/\/www.pcnen.com\/portal\/wp-json\/wp\/v2\/users\/1"}],"replies":[{"embeddable":true,"href":"https:\/\/www.pcnen.com\/portal\/wp-json\/wp\/v2\/comments?post=259818"}],"version-history":[{"count":0,"href":"https:\/\/www.pcnen.com\/portal\/wp-json\/wp\/v2\/posts\/259818\/revisions"}],"wp:attachment":[{"href":"https:\/\/www.pcnen.com\/portal\/wp-json\/wp\/v2\/media?parent=259818"}],"wp:term":[{"taxonomy":"category","embeddable":true,"href":"https:\/\/www.pcnen.com\/portal\/wp-json\/wp\/v2\/categories?post=259818"},{"taxonomy":"post_tag","embeddable":true,"href":"https:\/\/www.pcnen.com\/portal\/wp-json\/wp\/v2\/tags?post=259818"}],"curies":[{"name":"wp","href":"https:\/\/api.w.org\/{rel}","templated":true}]}}