{"id":259779,"date":"2019-01-17T07:34:43","date_gmt":"2019-01-17T06:34:43","guid":{"rendered":"http:\/\/www.pcnen.com\/portal\/?p=259779"},"modified":"2019-01-17T07:36:08","modified_gmt":"2019-01-17T06:36:08","slug":"po-prvi-put-spominje-se-izlazak-njemacke-iz-eu","status":"publish","type":"post","link":"https:\/\/www.pcnen.com\/portal\/2019\/01\/17\/po-prvi-put-spominje-se-izlazak-njemacke-iz-eu\/","title":{"rendered":"Po prvi put spominje se izlazak Njema\u010dke iz EU"},"content":{"rendered":"<p><img loading=\"lazy\" decoding=\"async\" class=\"alignright size-medium wp-image-252574\" src=\"http:\/\/www.pcnen.com\/portal\/wp-content\/uploads\/2018\/09\/desnicari-njemacka-300x188.jpg\" alt=\"\" width=\"300\" height=\"188\" \/>Njema\u010dka je najve\u0107a europska ekonomija i tradicionalno jedna od vode\u0107ih zemalja Europske unije. Mnogi smatraju da je Angela Merkel de facto europski lider, bez obzira na poljuljani polo\u017eaj kod ku\u0107e i na poku\u0161aje Emmanuela Macrona da se profilira kao novi vo\u0111a.<\/p>\n<p>Njema\u010dka je oduvijek bila veoma proeuropski usmjerena i tu postoji jak konsenzus. Ipak, \u010dini se da se stvari mijenjaju, barem na donedavno ekstremnim rubovima njema\u010dke politi\u010dke scene. Alternativa za Njema\u010dku (Alternative f\u00fcr Deutschland ili AfD) stranka je ekstremne desnice. Osnovana je 2013. kao euro-skepti\u010dna stranka kojoj je jedan od ciljeva bio napu\u0161tanje europske valute. Vremenom su po\u010dele dominirati poruke protiv imigranata i protiv islama. Na\u017ealost, popularnost im je zna\u010dajno porasla u zadnjih par godina i postali su najve\u0107a opozicijska stranka u Bundestagu.<\/p>\n<p>AfD sada, pod odre\u0111enim okolnostima, predla\u017ee \u201eDexit\u201c, tj. izlazak Njema\u010dke iz Europske unije. To su objavili na svome kongresu 13.1. Detalji mo\u017eda nisu va\u017eni koliko simbolika, ali jedan od uvjeta koje su postavili jeste raspu\u0161tanje Europskog parlamenta i svojevrsni povratak na savez nacionalnih dr\u017eava. Znaju\u0107i da bi im ovo moglo na\u0161tetiti kod bira\u010da, lideri stranke poku\u0161avaju ubla\u017eiti ranije izre\u010dene stavove da EU treba \u2018mirno raspustiti\u2019 do 2024.<\/p>\n<p>Je li ovo va\u017eno i za\u0161to? Te\u0161ko je zamisliti da \u0107e Nijemci podr\u017eati ovakve politike kod ku\u0107e. Svatko s mrvom zdravog razuma zna da je EU odli\u010dna za Njema\u010dku. Ali, dolaze europski izbori u svibnju. AfD je jedna od populisti\u010dkih stranaka \u0161irom Europe koje po\u010dinju sura\u0111ivati jer \u017eele zna\u010dajno pove\u0107ati svoj utjecaj u Europi i sprovesti svojevrsni \u2018populisti\u010dki pu\u010d\u2019. Ako uspiju, to bi moglo imati negativne reperkusije po cijeli kontinent (porast nacionalizma bio bi samo jedan od brojnih problema).<\/p>\n<p>Simboli\u010dki je zna\u010dajno da jedna njema\u010dka stranka predla\u017ee ovako drasti\u010dne mjere. Pokazuje nam kako daleko su oti\u0161le stvari. Do ju\u010der nezamislivo danas je normalno. Pokazuje nam jo\u0161 jednom da Europa ima velike probleme koji se moraju sagledati i rije\u0161iti.<\/p>\n<p>\u0160to je rje\u0161enje? To je te\u0161ko pitanje ali odgovor le\u017ei u progresivnim strankama diljem Europe koje se naprosto moraju probuditi. Ako \u017eele poraziti populisti\u010dku osovinu zla, moraju prona\u0107i i implementirati konkretna rje\u0161enja za, prije svega, porast nejednakosti i nekontrolirane migracije u Europi. To je mnogo lak\u0161e re\u0107i nego u\u010diniti ali ako se ne u\u010dini to \u0107e glasa\u010de i dalje tjerati u ruke ekstremista.<\/p>\n<p>Poziv AfD-a na izlazak iz Europske unije treba poslu\u017eiti kao upozorenje pred europske izbore. Ako ga se shvati i po\u010dne konkretno djelovati, ovo upozorenje moglo bi biti korisno.<\/p>\n<p><a href=\"https:\/\/digitalnademokracija.com\/2019\/01\/14\/po-prvi-put-spominje-se-izlazak-njemacke-iz-eu\/\" target=\"_blank\" rel=\"noopener\">Digitalna demokratija<\/a><\/p>\n","protected":false},"excerpt":{"rendered":"<p>Simboli\u010dki je zna\u010dajno da jedna njema\u010dka stranka predla\u017ee ovako drasti\u010dne mjere. Pokazuje nam kako daleko su oti\u0161le stvari<\/p>\n","protected":false},"author":1,"featured_media":0,"comment_status":"open","ping_status":"closed","sticky":false,"template":"","format":"standard","meta":{"_seopress_robots_primary_cat":"","_seopress_titles_title":"","_seopress_titles_desc":"","_seopress_robots_index":"","_et_pb_use_builder":"","_et_pb_old_content":"","_et_gb_content_width":"","inline_featured_image":false,"footnotes":""},"categories":[5],"tags":[],"class_list":["post-259779","post","type-post","status-publish","format-standard","hentry","category-drugi-pisu"],"_links":{"self":[{"href":"https:\/\/www.pcnen.com\/portal\/wp-json\/wp\/v2\/posts\/259779","targetHints":{"allow":["GET"]}}],"collection":[{"href":"https:\/\/www.pcnen.com\/portal\/wp-json\/wp\/v2\/posts"}],"about":[{"href":"https:\/\/www.pcnen.com\/portal\/wp-json\/wp\/v2\/types\/post"}],"author":[{"embeddable":true,"href":"https:\/\/www.pcnen.com\/portal\/wp-json\/wp\/v2\/users\/1"}],"replies":[{"embeddable":true,"href":"https:\/\/www.pcnen.com\/portal\/wp-json\/wp\/v2\/comments?post=259779"}],"version-history":[{"count":0,"href":"https:\/\/www.pcnen.com\/portal\/wp-json\/wp\/v2\/posts\/259779\/revisions"}],"wp:attachment":[{"href":"https:\/\/www.pcnen.com\/portal\/wp-json\/wp\/v2\/media?parent=259779"}],"wp:term":[{"taxonomy":"category","embeddable":true,"href":"https:\/\/www.pcnen.com\/portal\/wp-json\/wp\/v2\/categories?post=259779"},{"taxonomy":"post_tag","embeddable":true,"href":"https:\/\/www.pcnen.com\/portal\/wp-json\/wp\/v2\/tags?post=259779"}],"curies":[{"name":"wp","href":"https:\/\/api.w.org\/{rel}","templated":true}]}}