{"id":259757,"date":"2019-01-16T14:37:55","date_gmt":"2019-01-16T13:37:55","guid":{"rendered":"http:\/\/www.pcnen.com\/portal\/?p=259757"},"modified":"2019-01-16T14:37:55","modified_gmt":"2019-01-16T13:37:55","slug":"london-sve-spremno-za-sudenje-spc","status":"publish","type":"post","link":"https:\/\/www.pcnen.com\/portal\/2019\/01\/16\/london-sve-spremno-za-sudenje-spc\/","title":{"rendered":"London: Sve spremno za su\u0111enje SPC"},"content":{"rendered":"<p><img loading=\"lazy\" decoding=\"async\" src=\"http:\/\/www.pcnen.com\/portal\/wp-content\/uploads\/2013\/10\/kacavenda-300x160.jpg\" alt=\"\" width=\"300\" height=\"160\" class=\"alignright size-medium wp-image-127602\" \/>Vi\u0161i sud u Londonu ovjerio je tu\u017ebe \u0161est osoba koje tvrde da su seksualno zlostavljane od strane nekoliko sve\u0161tenika Srpske pravoslavne crkve (SPC), saznaje Danas.<\/p>\n<p>Prema navodima o\u0161te\u0107enih, zlostavljanje se desilo u Srbiji, Bosni i Hercegovini i Hrvatskoj, ali je \u0161est o\u0161te\u0107enih, dva \u0111akona i dvije \u017eene, kao i porodica 19-godi\u0161njeg polaznika sjemeni\u0161ta koji je preminuo 1999. godine, a za \u010diju smrt njegova majka krivi penzionisanog vladiku Vasilija Ka\u010davendu, pravdu zatra\u017eilo u Londonu, po\u0161to tvrde da je ne bi do\u010dekali pred doma\u0107im sudovima.<\/p>\n<p>Tu\u017ebe je londonskom sudu nedavno podnio britanski advokat Mladen Kesar, koji je liat objasnio da nijedan sve\u0161tenik ne\u0107e biti tu\u017een individualno, ve\u0107 cijela SPC, jer kao vjerska zajednica ima odgovornost za postupke onih koji je predstavljaju, isti\u010du\u0107i da \u201ebroj pedofila u SPC nije poznat, ali da sigurno nije mali\u201c.<\/p>\n<p>Redakcija Danasa nije uspjela da dobije komentar iz SPC povodom ovih tu\u017ebi.<\/p>\n<p><a href=\"http:\/\/www.pcnen.com\/portal\/2018\/03\/30\/gradani-srbije-i-bih-tuze-spc-zbog-pedofilije\/\">Bojan Jovanovi\u0107,<\/a> jedan od \u0161est tu\u017eitelja i sve\u0161tenik SPC, je 2015. rekao da ga je <a href=\"http:\/\/www.pcnen.com\/portal\/2013\/04\/25\/kacavenda-tuzio-sve-zbog-afere\/\">vladika Ka\u010davenda seksualno<\/a> uznemiravao i tra\u017eio da mu dovodi dje\u010dake. Ka\u010davenda je tu\u017eio Jovanovi\u0107a za klevetu i ovaj postupak je jo\u0161 u toku. Tako\u0111e, majka studenta sjemeni\u0161ta, Mili\u0107a Bo\u017einovi\u0107a, tvrdi da je njen sin ubijen nakon \u0161to je odbio Ka\u010davendu, iako u slu\u017ebenom izvje\u0161taju policije pi\u0161e da se mladi\u0107 ubio tako \u0161to je aktivirao bombu u manastiru u \u0160ekovi\u0107ima.<\/p>\n<p>Tu je i slu\u010daj <a href=\"http:\/\/www.pcnen.com\/portal\/2018\/04\/04\/igumanija-optuzuje-vladiku-pahomija\/\">vladike Eparhije vranjske Pahomija G<\/a>a\u010di\u0107a, koji je bio optu\u017een za seksualno zlostavljanje \u010detvoro tinejd\u017eera tokom 1999. i 2000. godine. Jedan 24-godi\u0161njak je 2013. izjavio za Vranjske novine da ga je Pahomije seksualno zlostavljao tokom perioda od devet godina. <\/p>\n<p>I sve\u0161tenik Ilariona je 2001. uhap\u0161en zbog sumnje da je seksualno zlostavljao maloljetnike u manastiru Hopovo.<\/p>\n","protected":false},"excerpt":{"rendered":"<p>Vi\u0161i sud u Londonu ovjerio je tu\u017ebe \u0161est osoba koje tvrde da su seksualno zlostavljane od strane nekoliko sve\u0161tenika Srpske pravoslavne crkve (SPC), saznaje Danas. Prema navodima o\u0161te\u0107enih, zlostavljanje se desilo u Srbiji, Bosni i Hercegovini i Hrvatskoj, ali je \u0161est o\u0161te\u0107enih, dva \u0111akona i dvije \u017eene, kao i porodica 19-godi\u0161njeg polaznika sjemeni\u0161ta koji je [&hellip;]<\/p>\n","protected":false},"author":1,"featured_media":0,"comment_status":"open","ping_status":"closed","sticky":false,"template":"","format":"standard","meta":{"_seopress_robots_primary_cat":"","_seopress_titles_title":"","_seopress_titles_desc":"","_seopress_robots_index":"","_et_pb_use_builder":"","_et_pb_old_content":"","_et_gb_content_width":"","inline_featured_image":false,"footnotes":""},"categories":[14,12],"tags":[],"class_list":["post-259757","post","type-post","status-publish","format-standard","hentry","category-vijesti","category-prica-dana"],"_links":{"self":[{"href":"https:\/\/www.pcnen.com\/portal\/wp-json\/wp\/v2\/posts\/259757","targetHints":{"allow":["GET"]}}],"collection":[{"href":"https:\/\/www.pcnen.com\/portal\/wp-json\/wp\/v2\/posts"}],"about":[{"href":"https:\/\/www.pcnen.com\/portal\/wp-json\/wp\/v2\/types\/post"}],"author":[{"embeddable":true,"href":"https:\/\/www.pcnen.com\/portal\/wp-json\/wp\/v2\/users\/1"}],"replies":[{"embeddable":true,"href":"https:\/\/www.pcnen.com\/portal\/wp-json\/wp\/v2\/comments?post=259757"}],"version-history":[{"count":0,"href":"https:\/\/www.pcnen.com\/portal\/wp-json\/wp\/v2\/posts\/259757\/revisions"}],"wp:attachment":[{"href":"https:\/\/www.pcnen.com\/portal\/wp-json\/wp\/v2\/media?parent=259757"}],"wp:term":[{"taxonomy":"category","embeddable":true,"href":"https:\/\/www.pcnen.com\/portal\/wp-json\/wp\/v2\/categories?post=259757"},{"taxonomy":"post_tag","embeddable":true,"href":"https:\/\/www.pcnen.com\/portal\/wp-json\/wp\/v2\/tags?post=259757"}],"curies":[{"name":"wp","href":"https:\/\/api.w.org\/{rel}","templated":true}]}}