{"id":259748,"date":"2019-01-16T12:09:54","date_gmt":"2019-01-16T11:09:54","guid":{"rendered":"http:\/\/www.pcnen.com\/portal\/?p=259748"},"modified":"2019-01-16T20:00:15","modified_gmt":"2019-01-16T19:00:15","slug":"putin-vlast-u-cg-se-plasila-referenduma-o-nato","status":"publish","type":"post","link":"https:\/\/www.pcnen.com\/portal\/2019\/01\/16\/putin-vlast-u-cg-se-plasila-referenduma-o-nato\/","title":{"rendered":"Putin: Vlast u CG se pla\u0161ila referenduma o NATO"},"content":{"rendered":"<p><img loading=\"lazy\" decoding=\"async\" class=\"alignright size-full wp-image-56477\" src=\"http:\/\/www.pcnen.com\/portal\/wp-content\/uploads\/2011\/08\/Putin-Vladimir.jpeg\" alt=\"\" width=\"240\" height=\"192\" \/>U intervjuu za beogradske listove Politika i Ve\u010dernje novosti, uo\u010di posjete Srbiji, predsjevnik Rusije Vladimir Putin je rekao da se vlast u Crnoj Gori upla\u0161ila da raspi\u0161e referendum o ulasku na\u0161e zemlje u NATO.<\/p>\n<p>\u201cKada pri\u010damo o situaciji na Balkanu, ozbiljan destabilizuju\u0107i faktor ovdje predstavlja politika SAD i odre\u0111enih zapadnih zemalja, usmjerena na u\u010dvr\u0161\u0107ivanje njihove dominacije u regionu. Jo\u0161 1999. godine snage NATO su bez sankcije UN-a dva i po mjeseca bombardovale Jugoslaviju, pa nasilni\u010dki odvojile Autonomnu Pokrajinu Kosovo. A 2008. godine Va\u0161ington i njegovi saveznici su podr\u017eali nelegitimno progla\u0161enje kosovske nezavisnosti. Godine 2017, uprkos stavu polovine stanovni\u0161tva, u NATO je bila uvu\u010dena Crna Gora. Upla\u0161ili su se referenduma po tom pitanju, i kao rezultat, zemlja prolazi kroz period politi\u010dke nestabilnosti\u201d, rekao je Putin.<\/p>\n","protected":false},"excerpt":{"rendered":"<p>U intervjuu za beogradske listove Politika i Ve\u010dernje novosti, uo\u010di posjete Srbiji, predsjevnik Rusije Vladimir Putin je rekao da se vlast u Crnoj Gori upla\u0161ila da raspi\u0161e referendum o ulasku na\u0161e zemlje u NATO. \u201cKada pri\u010damo o situaciji na Balkanu, ozbiljan destabilizuju\u0107i faktor ovdje predstavlja politika SAD i odre\u0111enih zapadnih zemalja, usmjerena na u\u010dvr\u0161\u0107ivanje njihove [&hellip;]<\/p>\n","protected":false},"author":1,"featured_media":0,"comment_status":"open","ping_status":"closed","sticky":false,"template":"","format":"standard","meta":{"_seopress_robots_primary_cat":"","_seopress_titles_title":"","_seopress_titles_desc":"","_seopress_robots_index":"","_et_pb_use_builder":"","_et_pb_old_content":"","_et_gb_content_width":"","inline_featured_image":false,"footnotes":""},"categories":[14,12],"tags":[],"class_list":["post-259748","post","type-post","status-publish","format-standard","hentry","category-vijesti","category-prica-dana"],"_links":{"self":[{"href":"https:\/\/www.pcnen.com\/portal\/wp-json\/wp\/v2\/posts\/259748","targetHints":{"allow":["GET"]}}],"collection":[{"href":"https:\/\/www.pcnen.com\/portal\/wp-json\/wp\/v2\/posts"}],"about":[{"href":"https:\/\/www.pcnen.com\/portal\/wp-json\/wp\/v2\/types\/post"}],"author":[{"embeddable":true,"href":"https:\/\/www.pcnen.com\/portal\/wp-json\/wp\/v2\/users\/1"}],"replies":[{"embeddable":true,"href":"https:\/\/www.pcnen.com\/portal\/wp-json\/wp\/v2\/comments?post=259748"}],"version-history":[{"count":0,"href":"https:\/\/www.pcnen.com\/portal\/wp-json\/wp\/v2\/posts\/259748\/revisions"}],"wp:attachment":[{"href":"https:\/\/www.pcnen.com\/portal\/wp-json\/wp\/v2\/media?parent=259748"}],"wp:term":[{"taxonomy":"category","embeddable":true,"href":"https:\/\/www.pcnen.com\/portal\/wp-json\/wp\/v2\/categories?post=259748"},{"taxonomy":"post_tag","embeddable":true,"href":"https:\/\/www.pcnen.com\/portal\/wp-json\/wp\/v2\/tags?post=259748"}],"curies":[{"name":"wp","href":"https:\/\/api.w.org\/{rel}","templated":true}]}}