{"id":259685,"date":"2019-01-15T08:59:45","date_gmt":"2019-01-15T07:59:45","guid":{"rendered":"http:\/\/www.pcnen.com\/portal\/?p=259685"},"modified":"2019-01-15T08:59:45","modified_gmt":"2019-01-15T07:59:45","slug":"zenka-drzavi-cemo-vratiti-njeno","status":"publish","type":"post","link":"https:\/\/www.pcnen.com\/portal\/2019\/01\/15\/zenka-drzavi-cemo-vratiti-njeno\/","title":{"rendered":"Zenka: Dr\u017eavi \u0107emo vratiti njeno"},"content":{"rendered":"<p><img loading=\"lazy\" decoding=\"async\" src=\"http:\/\/www.pcnen.com\/portal\/wp-content\/uploads\/2019\/01\/mehmed-zenka.jpg\" alt=\"\" width=\"300\" height=\"220\" class=\"alignright size-full wp-image-259686\" srcset=\"https:\/\/www.pcnen.com\/portal\/wp-content\/uploads\/2019\/01\/mehmed-zenka.jpg 300w, https:\/\/www.pcnen.com\/portal\/wp-content\/uploads\/2019\/01\/mehmed-zenka-235x172.jpg 235w, https:\/\/www.pcnen.com\/portal\/wp-content\/uploads\/2019\/01\/mehmed-zenka-75x55.jpg 75w, https:\/\/www.pcnen.com\/portal\/wp-content\/uploads\/2019\/01\/mehmed-zenka-220x161.jpg 220w, https:\/\/www.pcnen.com\/portal\/wp-content\/uploads\/2019\/01\/mehmed-zenka-90x65.jpg 90w\" sizes=\"(max-width: 300px) 100vw, 300px\" \/>Dr\u017eava ne\u0107e konfiskovati imovinu Srpske pravoslavne crkve (SPC) niti bilo koje druge vjerske zajednice, kazao je ministar za ljudska i manjinska prava Mehmed Zenka i poru\u010dio da ono \u0161to je dr\u017eavno treba da joj se vrati.<\/p>\n<p>On je u intervjuu listu Dan kazao da treba stati na put nekim retrogradnim idejama koje se propagiraju i da dr\u017eava treba da djeluje kada vjerski poglavari izreknu uvredljive rije\u010di na ra\u010dun nekog naroda ili pripadnika odre\u0111ene vjere.<\/p>\n<p>Na pitanje da li je Vlada odustala od ideje da konfiskuje manastire i crkve Mitropoliji crnogorsko-primorskoj, Zenka je odgovorio da se ne radi ni o kakvoj konfiskaciji.<\/p>\n<p>\u201eNe dolazi u obzir da \u0107e dr\u017eava zalaziti u ono \u0161to je crkvi poklonjeno od vjernika i \u0161to je ona sagradila od svojih sredstava. Jedno od rje\u0161enja je i da se ono \u0161to je dr\u017eavno vrati dr\u017eavi\u201d, istakao je Zenka, prenosi Mina.<\/p>\n<p>On je pojasnio da je dr\u017eavno ono \u0161to se do 1920. po tada\u0161njem katastru i zakonu vodilo na dr\u017eavu, a ne ono \u0161to je bilo pod crkvom ili d\u017eamijom.<\/p>\n<p>\u201eSticanjem nove dr\u017eavnosti proizilaze i druge obaveze. Zna se \u0161ta je bilo dr\u017eavno. Ne\u0161to se u me\u0111uvremenu promijenilo odlukama. I vjerske zajednice imaju potra\u017eivanja od dr\u017eave. Velika potra\u017eivanja imaju i Katoli\u010dka crkva i Islamska zajednica\u201c, rekao je Zenka.<\/p>\n<p>Srpskoj crkvi su, dodaje, 1945. godine oduzeta neka imanja, kao i drugim zajednicama.<\/p>\n<p>\u201eNe prihvatam terminologiju da \u0107e dr\u017eava da krene u konfiskaciju. Postoji katastar kao dokaz svojine i porijekla imovine. To \u0107e se usvajanjem zakona vidjeti, ne\u0107e sve biti crno bijelo\u201c, istakao je Zenka.<\/p>\n<p>On je naglasio da se dr\u017eava ne mije\u0161a u rad vjerskih zajednica, te da svaka vjerska organizacija radi po svojim pravilima.<\/p>\n<p>\u201cUnutra\u0161nja organizacija je njihova, i dr\u017eava se tu ne mije\u0161a, ne odlu\u010dujemo mi kada \u0107e i gdje biti postavljen neki sve\u0161tenik. Dr\u017eava u ve\u0107ini slu\u010dajeva odgovara na kritike vjerskih zajednica koje su upu\u0107ene dr\u017eavi\u201c, rekao je Zenka.<\/p>\n<p>Kako je naveo, dr\u017eava ima vi\u0161e odbrambeni nego napadaju\u0107i stav.<\/p>\n<p>\u201eNijesam nikada imao priliku da vidim da je dr\u017eava u\u0161la u raspravu ili po\u010dela polemiku sa nekim vjerskim poglavarima bez da su bili u situaciji da se brane od izjava. Vi\u0161e se mije\u0161a vjera u politiku, nego politika u vjeru. Vi\u0161e se vjera bavi politikom nego \u0161to se politika bavi vjerom\u201d, tvrdi Zenka.<\/p>\n<p>On je dodao da Crna Gora mora stati na put bilo \u010dijim retrogradnim idejama ili retrogradnim djelovanjima, koje se ti\u010du politi\u010dkog ili vjerskog rada.<\/p>\n<p>\u201cProtiv sam toga da se dr\u017eava mije\u0161a u unutra\u0161nju organizaciju vjerskih zajednica, takvih namjera nema. Jedini cilj Crne Gore je da se urede vjerske slobode, da zakonski uokvirimo vjersko djelovanje u dr\u017eavi\u201d, rekao je Zenka.<\/p>\n<p>Na pitanje da li u izradi zakona o vjerskim zajednicama u\u010destvuju predstavnici svih vjerskih zajednica, Zenka je kazao da je tra\u017eio kontakt sa svima, ali da su imali problem sa SPC.<\/p>\n<p>\u201eSa ostalima smo uspostavili kontakt i sa svima njima imamo dobre odnose. Ne\u0107e mi smetati da sjutra imamo dobre odnose i dobar kontakt sa SPC. Bi\u0107u ponosan ako u tome uspijem\u201d, zaklju\u010dio je ministar.<\/p>\n","protected":false},"excerpt":{"rendered":"<p>Dr\u017eava ne\u0107e konfiskovati imovinu Srpske pravoslavne crkve (SPC) niti bilo koje druge vjerske zajednice, kazao je ministar za ljudska i manjinska prava Mehmed Zenka i poru\u010dio da ono \u0161to je dr\u017eavno treba da joj se vrati. On je u intervjuu listu Dan kazao da treba stati na put nekim retrogradnim idejama koje se propagiraju i [&hellip;]<\/p>\n","protected":false},"author":1,"featured_media":259686,"comment_status":"open","ping_status":"closed","sticky":false,"template":"","format":"standard","meta":{"_seopress_robots_primary_cat":"","_seopress_titles_title":"","_seopress_titles_desc":"","_seopress_robots_index":"","_et_pb_use_builder":"","_et_pb_old_content":"","_et_gb_content_width":"","inline_featured_image":false,"footnotes":""},"categories":[14],"tags":[],"class_list":["post-259685","post","type-post","status-publish","format-standard","has-post-thumbnail","hentry","category-vijesti"],"_links":{"self":[{"href":"https:\/\/www.pcnen.com\/portal\/wp-json\/wp\/v2\/posts\/259685","targetHints":{"allow":["GET"]}}],"collection":[{"href":"https:\/\/www.pcnen.com\/portal\/wp-json\/wp\/v2\/posts"}],"about":[{"href":"https:\/\/www.pcnen.com\/portal\/wp-json\/wp\/v2\/types\/post"}],"author":[{"embeddable":true,"href":"https:\/\/www.pcnen.com\/portal\/wp-json\/wp\/v2\/users\/1"}],"replies":[{"embeddable":true,"href":"https:\/\/www.pcnen.com\/portal\/wp-json\/wp\/v2\/comments?post=259685"}],"version-history":[{"count":0,"href":"https:\/\/www.pcnen.com\/portal\/wp-json\/wp\/v2\/posts\/259685\/revisions"}],"wp:featuredmedia":[{"embeddable":true,"href":"https:\/\/www.pcnen.com\/portal\/wp-json\/wp\/v2\/media\/259686"}],"wp:attachment":[{"href":"https:\/\/www.pcnen.com\/portal\/wp-json\/wp\/v2\/media?parent=259685"}],"wp:term":[{"taxonomy":"category","embeddable":true,"href":"https:\/\/www.pcnen.com\/portal\/wp-json\/wp\/v2\/categories?post=259685"},{"taxonomy":"post_tag","embeddable":true,"href":"https:\/\/www.pcnen.com\/portal\/wp-json\/wp\/v2\/tags?post=259685"}],"curies":[{"name":"wp","href":"https:\/\/api.w.org\/{rel}","templated":true}]}}