{"id":259661,"date":"2019-01-14T22:53:23","date_gmt":"2019-01-14T21:53:23","guid":{"rendered":"http:\/\/www.pcnen.com\/portal\/?p=259661"},"modified":"2019-01-14T22:59:09","modified_gmt":"2019-01-14T21:59:09","slug":"suncano-i-vjetrovito-6","status":"publish","type":"post","link":"https:\/\/www.pcnen.com\/portal\/2019\/01\/14\/suncano-i-vjetrovito-6\/","title":{"rendered":"Sun\u010dano i vjetrovito"},"content":{"rendered":"<p><img loading=\"lazy\" decoding=\"async\" src=\"http:\/\/www.pcnen.com\/portal\/wp-content\/uploads\/2016\/12\/vjetar.jpg\" alt=\"\" width=\"300\" height=\"200\" class=\"alignright size-full wp-image-219022\" \/>U utorak \u0107e u Crnoj Gori biti prete\u017eno sun\u010dano, a na sjeveru prete\u017eno obla\u010dno i bez snijega. <\/p>\n<p>Vjetar sjeverni, poja\u010dan do jak, \u0107e tokom dana oslabiti. <\/p>\n<p>Jutarnja temperatura vazduha kreta\u0107e se od -10 do 3, najvi\u0161a dnevna -8 do 9 stepeni.<\/p>\n<p>U Podgorici \u0107e biti prete\u017eno sun\u010dano. Duva\u0107e sjeverni i sjeveroisto\u010dni vjetar umjeren do jak, poslijepodne u slabljenju. <\/p>\n<p>Jutarnja temperatura vazduha bi\u0107e oko 0, najvi\u0161a dnevna do 5 stepeni.<\/p>\n<p><a href=\"http:\/\/www.meteo.co.me\/misc.php?text=121&amp;sektor=1&amp;grad=ZAB\">Prognoza za ostale gradove.<\/a><\/p>\n","protected":false},"excerpt":{"rendered":"<p>U utorak \u0107e u Crnoj Gori biti prete\u017eno sun\u010dano, a na sjeveru prete\u017eno obla\u010dno i bez snijega. Vjetar sjeverni, poja\u010dan do jak, \u0107e tokom dana oslabiti. Jutarnja temperatura vazduha kreta\u0107e se od -10 do 3, najvi\u0161a dnevna -8 do 9 stepeni. U Podgorici \u0107e biti prete\u017eno sun\u010dano. Duva\u0107e sjeverni i sjeveroisto\u010dni vjetar umjeren do jak, [&hellip;]<\/p>\n","protected":false},"author":1,"featured_media":0,"comment_status":"open","ping_status":"closed","sticky":false,"template":"","format":"standard","meta":{"_seopress_robots_primary_cat":"","_seopress_titles_title":"","_seopress_titles_desc":"","_seopress_robots_index":"","_et_pb_use_builder":"","_et_pb_old_content":"","_et_gb_content_width":"","inline_featured_image":false,"footnotes":""},"categories":[14,12],"tags":[],"class_list":["post-259661","post","type-post","status-publish","format-standard","hentry","category-vijesti","category-prica-dana"],"_links":{"self":[{"href":"https:\/\/www.pcnen.com\/portal\/wp-json\/wp\/v2\/posts\/259661","targetHints":{"allow":["GET"]}}],"collection":[{"href":"https:\/\/www.pcnen.com\/portal\/wp-json\/wp\/v2\/posts"}],"about":[{"href":"https:\/\/www.pcnen.com\/portal\/wp-json\/wp\/v2\/types\/post"}],"author":[{"embeddable":true,"href":"https:\/\/www.pcnen.com\/portal\/wp-json\/wp\/v2\/users\/1"}],"replies":[{"embeddable":true,"href":"https:\/\/www.pcnen.com\/portal\/wp-json\/wp\/v2\/comments?post=259661"}],"version-history":[{"count":0,"href":"https:\/\/www.pcnen.com\/portal\/wp-json\/wp\/v2\/posts\/259661\/revisions"}],"wp:attachment":[{"href":"https:\/\/www.pcnen.com\/portal\/wp-json\/wp\/v2\/media?parent=259661"}],"wp:term":[{"taxonomy":"category","embeddable":true,"href":"https:\/\/www.pcnen.com\/portal\/wp-json\/wp\/v2\/categories?post=259661"},{"taxonomy":"post_tag","embeddable":true,"href":"https:\/\/www.pcnen.com\/portal\/wp-json\/wp\/v2\/tags?post=259661"}],"curies":[{"name":"wp","href":"https:\/\/api.w.org\/{rel}","templated":true}]}}