{"id":259653,"date":"2019-01-14T16:30:30","date_gmt":"2019-01-14T15:30:30","guid":{"rendered":"http:\/\/www.pcnen.com\/portal\/?p=259653"},"modified":"2019-01-14T16:30:30","modified_gmt":"2019-01-14T15:30:30","slug":"haradinaj-ukidamo-taksu-uz-garancije-za-potpisivanje-sporazuma","status":"publish","type":"post","link":"https:\/\/www.pcnen.com\/portal\/2019\/01\/14\/haradinaj-ukidamo-taksu-uz-garancije-za-potpisivanje-sporazuma\/","title":{"rendered":"Haradinaj: Ukidamo taksu uz garancije za potpisivanje sporazuma"},"content":{"rendered":"<p><img loading=\"lazy\" decoding=\"async\" class=\"alignright size-full wp-image-247676\" src=\"http:\/\/www.pcnen.com\/portal\/wp-content\/uploads\/2018\/06\/haradinaj-1.jpg\" alt=\"\" width=\"300\" height=\"235\" \/>Premijer Kosova Ramu\u0161 Haradinaj je izjavio danas da je vlada Kosova spremna da privremeno ukine taksu na robu iz Srbije i Bosne i Hercegovine, uz me\u0111uanrodne garancije za potpisivanje kona\u010dnog sporazuma koji \u0107e rezultirati priznanjem Kosova, prenosi Beta.<\/p>\n<p>On je na FB napisao da \u0107e takse i dalje biti na snazi &#8220;dokle god imamo sugestije za neuspje\u0161ne sastanke, bez cilja i jasno utvr\u0111enih rokova, bez usagla\u0161enih ugovora, bez me\u0111unarodnih garancija da \u0107e se potpisati kona\u010dni sporazum koji za rezultat ima priznanje&#8221;.<\/p>\n<p>&#8220;Duboko sam ubije\u0111en u mogu\u0107nost postizanja sveobuhvatnog pravno obavezuju\u0107eg sporazuma sa Srbijom koji \u0107e za rezultat imati priznanje. Mi intenzivno radimo na kona\u010dnom ugovoru, kona\u010dnom sporazumu, za \u0161ta smo predali &#8216;veliku knjigu&#8217;\u00a0 o poglavljima i nacrt sporazuma&#8221;, kazao je Haradinaj.<\/p>\n<p>Kosovski premijer pi\u0161e da su sve to radili sa ciljem da bi, kad sjednu sa predstavnicima Srbije, imali odr\u017eiv materijal, sa \u010dinjenicama i argumentima.<\/p>\n<p>&#8220;Uspostavljanje takse na proizvode iz Srbije nema za cilj ometanje i prolongiranje postizanja kona\u010dnog pravno obavezuju\u0107eg sporazum sa Srbijom koji za rezultat ima priznanje. Naprotiv, vlada Kosova je spremna da privremeno ukine taksu samo poslije me\u0111unarodnih garancija da \u0107e se sjesti i potpisati kona\u010dni sporazum koji \u0107e rezultirati obostranim priznanjem&#8221;, napisao je Haradinaj na svojoj FB stranici.<\/p>\n<p>Prema njegovim rije\u010dima, garancija zna\u010di da postoji usagla\u0161eni ugovor u principu i da se o\u010dekuje samo potpisivanje tog sporazuma, koji \u0107e rezultirati priznanjem, prenosi Beta.<\/p>\n","protected":false},"excerpt":{"rendered":"<p>Duboko sam ubije\u0111en u mogu\u0107nost postizanja sveobuhvatnog pravno obavezuju\u0107eg sporazuma sa Srbijom koji \u0107e za rezultat imati priznanje<\/p>\n","protected":false},"author":1,"featured_media":0,"comment_status":"open","ping_status":"closed","sticky":false,"template":"","format":"standard","meta":{"_seopress_robots_primary_cat":"","_seopress_titles_title":"","_seopress_titles_desc":"","_seopress_robots_index":"","_et_pb_use_builder":"","_et_pb_old_content":"","_et_gb_content_width":"","inline_featured_image":false,"footnotes":""},"categories":[14,12],"tags":[],"class_list":["post-259653","post","type-post","status-publish","format-standard","hentry","category-vijesti","category-prica-dana"],"_links":{"self":[{"href":"https:\/\/www.pcnen.com\/portal\/wp-json\/wp\/v2\/posts\/259653","targetHints":{"allow":["GET"]}}],"collection":[{"href":"https:\/\/www.pcnen.com\/portal\/wp-json\/wp\/v2\/posts"}],"about":[{"href":"https:\/\/www.pcnen.com\/portal\/wp-json\/wp\/v2\/types\/post"}],"author":[{"embeddable":true,"href":"https:\/\/www.pcnen.com\/portal\/wp-json\/wp\/v2\/users\/1"}],"replies":[{"embeddable":true,"href":"https:\/\/www.pcnen.com\/portal\/wp-json\/wp\/v2\/comments?post=259653"}],"version-history":[{"count":0,"href":"https:\/\/www.pcnen.com\/portal\/wp-json\/wp\/v2\/posts\/259653\/revisions"}],"wp:attachment":[{"href":"https:\/\/www.pcnen.com\/portal\/wp-json\/wp\/v2\/media?parent=259653"}],"wp:term":[{"taxonomy":"category","embeddable":true,"href":"https:\/\/www.pcnen.com\/portal\/wp-json\/wp\/v2\/categories?post=259653"},{"taxonomy":"post_tag","embeddable":true,"href":"https:\/\/www.pcnen.com\/portal\/wp-json\/wp\/v2\/tags?post=259653"}],"curies":[{"name":"wp","href":"https:\/\/api.w.org\/{rel}","templated":true}]}}