{"id":259632,"date":"2019-01-14T07:00:39","date_gmt":"2019-01-14T06:00:39","guid":{"rendered":"http:\/\/www.pcnen.com\/portal\/?p=259632"},"modified":"2019-01-13T23:42:10","modified_gmt":"2019-01-13T22:42:10","slug":"sta-je-trulo-u-aktuelnim-beogradskim-protestima","status":"publish","type":"post","link":"https:\/\/www.pcnen.com\/portal\/2019\/01\/14\/sta-je-trulo-u-aktuelnim-beogradskim-protestima\/","title":{"rendered":"\u0160ta je trulo u aktuelnim beogradskim protestima?"},"content":{"rendered":"<p><strong>Pi\u0161e: Ana Vilenica<\/strong><\/p>\n<p><img loading=\"lazy\" decoding=\"async\" class=\"alignright size-full wp-image-259266\" src=\"http:\/\/www.pcnen.com\/portal\/wp-content\/uploads\/2019\/01\/protest-beograd-e1547419257887.jpg\" alt=\"\" width=\"300\" height=\"200\" \/>Decembarski talas masovnih anti-vladinih protesta u Beogradu obele\u017eili su i po\u010detak 2019. Neposredni povod za prvi protest odr\u017ean 8. decembra bio je napad na lidera Levice Srbije Borka Stefanovica uo\u010di foruma Saveza za Srbiju u Kru\u0161evcu. Prvi protest odr\u017ean je u organizaciji novoosnovane koalicije opozicionih partija Savez za Srbiju pod nazivom Stop krvavim ko\u0161uljama. Nakon izra\u017eenog nezadovoljstva okupljenih spram predloga da se protesti nastave nakon novogodi\u0161nje pauze organizaciju protesta je preuzela navodno nezavisna i nestrana\u010dka grupa gra\u0111ana. Od tada se protest organizuje pod nazivom #1od5miliona. Naziv je nastao kao reakcija na izjavu predsednika Vu\u010di\u0107a da ne\u0107e razgovarati sa onima koji izlaze na protest \u010dak iako ih bude bilo pet miliona. Organizatori protesta opisali su protest kao odgovor gra\u0111ana na vladavinu Aleksandra Vu\u010di\u0107a, na svakodnevno nasilje i la\u017ei.<\/p>\n<p>Zahtevi protesta i dalje ostaju nejasni. Na svakom narednom protestu pojavljivao se neki novi zahtev. Zahtevalo se otkrivanje nalogodavaca napada na lidera Levice Srbije Borka Stefanovi\u0107a i na novinara Milana Jovanovi\u0107a, kao i odgovornih za ubistvo politi\u010dara Olivera Ivanovi\u0107a. Zahtevao se fer izborni proces, pet minuta u dnevniku RTS-a za izve\u0161tavanje o protestima, vi\u0161e medijskog prostora za opoziciju, kao i smena ministra policije Neboj\u0161e Stefanovi\u0107a.<\/p>\n<p>Vu\u010di\u0107ev re\u017eim sa kojim protest izra\u017eava neslaganje izgra\u0111en je postepeno od 2012. kada je Srpska napredna stranka do\u0161la na vlast nakon decenije vladavine tzv. demokrata koji su pripremili teren za situaciju u kojoj se i danas nalazimo. Doprinosi SNS-a i njenog autoritarnog lidera uklju\u010duju privatizaciju javnih slu\u017ebi od strane partijske ma\u0161inerije, dalje degradiranje sistema socijalnih davanja, finansiranje stranih investitora javnim novcem, degradaciju radni\u010dkih prava, zloupotrebu sudstva, manipulacije nacionalizmom najvi\u0161e oko statusa Kosova, dalje podsticanje du\u017eni\u010dke ekonomije i neo kolonijalne zavisnosti od EU. Kontrolisana medijska ma\u0161inerija sve ve\u0107u nezaposlenost, bedu, kao i slom javnog zdravstva, prikriva mrenom najavljenog novog zlatnog doba Srbije.<\/p>\n<p>Iako je neupitno da razlozi za nezadovoljstvo postoje i da su protesti izraz autenti\u010dnog nezadovoljstva. Ipak oni ogor\u010deni neizdr\u017eivom situacijom u Srbiji ne kontroli\u0161u proteste. Protestima struji masovno nezadovoljstvo ali i sveprisutna nelagoda i uznemiruju\u0107i ose\u0107aj nepripadanja. \u0160ta je trulo u aktuelnim beogradskim protestima?<\/p>\n<p><strong>Da ovi odu da se oni ne vrate<\/strong><\/p>\n<p>Postoje osnovane sumnje da iza protesta i nakon zvani\u010dne promene organizatora stoji Savez za Srbiju. Ovu koaliciju opozicionih politi\u010dkih partija izme\u0111u ostalih \u010dine: Demokratska stranka, partijska olupina koja je godinama u\u010destvovala u devastaciji Srbije, Levica Srbije u \u010dijem je programu kao i u pona\u0161anju njenog lidera te\u0161ko na\u0107i konzistentnu levu liniju, Pokret Dveri zastupnik ultra nacionalisti\u010dke i ksenofobi\u010dne desne politike, desni\u010darska Demokratska stranka Srbije kao i opskurne ultra desni\u010darske partije poput Zdrave Srbije. Neformalni lider i inicijator stvaranja opozicionog bloka je Dragan \u0110ilas biv\u0161i predsednik DS-a i biv\u0161i gradona\u010delnik Beograda poznat, izme\u0111u ostalog, po nasilnom raseljavanju Roma bagerima i uvo\u0111enju novog vida socijalnog stanovanja u metalnim kontejnerima.<\/p>\n<p>Poruke i zahtevi protesta mogu se \u010ditati i kroz trideset ta\u010daka programa saveza za Srbiju. Ove ta\u010dke kao i sam protest odslikava op\u0161tu ideolo\u0161ku konfuziju ovaj put artikulisanu u glavama politi\u010dke elite koja pretenduje na vlast u post-vu\u010di\u0107evskoj Srbiji. S jedne strane tra\u017ei se dru\u0161tvo po najve\u0107im evropskim standardima dok se s druge odbija priznanje dr\u017eave Kosovo. Kao re\u0161enje za ekonomske neda\u0107e nudi se favorizovanje doma\u0107eg preduzetni\u0161tva nasuprot do sada favorizovanim stranim investitorima. Kao re\u0161enje za siroma\u0161tvo priziva se solidarna za\u0161tita ugro\u017eenih umesto jasne socijalne politike. Ono \u0161to proklamuju je nacionalisti\u010dki kapitalizam sa socijalnim elementima koji ne mo\u017ee biti lek za situaciju nastalu nakon vi\u0161e decenijske pogubne tranzicije. SzS igra na kartu ujedinjenja u poku\u0161aju da do\u0111e do bira\u010da dok aktuelni protest koriste za proboj u medije.<\/p>\n<p>Ovakva opoziciona trula koalicija uzrok je brojnih nelagoda na beogradskim protestima. U nelagodi su simpatizeri i glasa\u010di svake pojedina\u010dne nesvodive opcije unutar koalicije kao i svi oni koji koaliciju ni na koji na\u010din ne podr\u017eavaju. Dodatne tenzije proizvode izjave opozicionih lidera koji ucenjuju stanovnike Srbije izjavama tipa ako niste sa nama onda ste za njih.<\/p>\n<p><strong>Stop krvavim radni\u010dkim odelima<\/strong><\/p>\n<p>Kako bi o\u010duvali privid jedinstva u protestima organizatori poku\u0161avaju da prikriju unutra\u0161nje tenzije i antagonizme isticanjem odbrane dostojanstva pristojnih gra\u0111ana u prvi plan. Umesto politike priziva se razum, lep\u0161a Srbija, znanje, kulturna Srbija. Ipak goru\u0107e tenzije ne mogu se prekriti trulim apoliti\u010dnim (malo)gra\u0111anizmom sa nacionalnim predznakom koji zastupa interese beogradske fine srednje klase.<\/p>\n<p>Trenja me\u0111u nesvodivom gomilom koja \u0161eta Beogradom materijalizovala su se do sada nekoliko puta kao eksces koji je uspeo da probije membranu hipernormalizacijskog menad\u017eerisanja protestom. Najpre je zabranjeno glumici Mirjani Karanovi\u0107 i treneru Du\u0161ko Vujo\u0161evi\u0107u da se okupljenima obrate sa govornice. Razlog je bio neslaganje nacionalisti\u010dke DSS koja je u govornicima prepoznala antisrpski element. Ve\u0107 na prvom protestu nasrnuli su na izlog Beogradskog prajda, a zatim su redovno nastavili da zastra\u0161uju banerima poput Pederi i lezbejke su prodali Kosovo.<\/p>\n<p>Konflikt organizatora sa inicijativom Zdru\u017eena akcija krov nad glavom va\u017eno je posebno ista\u0107i jer pokazuje o kojem nasilju se zapravo radi na ovim protestima i ko ima pravo na poziciju \u017ertve. Krov nad glavom okuplja pojedince i organizacije u borbi za pravo na stanovanje. Grupa je poznata po primeni metoda direktne akcije u solidarnoj borbi sa svim onima kojima preti gubitak krova nad glavom. Problem prisilnih iseljenja je zahvaljuju\u0107i ovoj grupi postao prepoznat u lokalnoj javnosti. Inicijativi je najpre od strane organizatora zabranjeno deljenje letaka, a zatim je inicijativa odgovorila organizovanjem bloka na narednim protestima sa nose\u0107om porukom Stop krvavim radni\u010dkim ko\u0161uljama. Poruka se odnosila na dva radnika na gradili\u0161tu stambenih kompleksa Beograda na vodi koji su izgubili \u017eivot zbog lo\u0161ih radnih uslova. Kako bi se za\u0161tili interesi investitora smrt radnika je predstavljena kao njihova individualna odgovornost, maltene samoubistvo. Inicijativa je na protest istakla svoje zahteve: moratorijum na prinudna iseljenja i bezbednost radnika na gra\u0111evini. Nakon protesta na svom tviteru lider Levice Srbije Borko Stefanovi\u0107 je napisao: \u201eImali ste sjajan transparent Stop krvavim radni\u010dkim odelima po\u0161to jelte moja razbijena glava je prljava lopovska i \u017euta glava i nije bitna.\u201c Na ovaj na\u010din lider Levice je pokazao da protest nije mesto gde \u0107e pravdu tra\u017eiti oni koji najvi\u0161e trpe represiju i da je jedino legitimno nasilje ono nad politi\u010dkim oponentima.<\/p>\n<p>Organizatori protesta pokazuju neslaganje sa re\u017eimom ali i neslaganje sa izra\u017eavanjem legitimnog besa radnica i radnika u Srbiji. Taj bes se mora potiskivati kroz praktikovanje finog gra\u0111anskog protesta lepog i normalnog Beograda koji tradicionalno isklju\u010duje one koji najvi\u0161e trpe posledice re\u017eima.<\/p>\n<p><strong>Ima li ne\u010deg novog na horizontu?<\/strong><\/p>\n<p>Na\u017ealost protesti u Beogradu i u Srbiji nisu znak nikakve nove politike. Za sada kako stvari stoje nema mnogo nade da \u0107e doneti neku neo\u010dekivanu politi\u010dku novinu ili ishod. Protesti su uspeli da iznerviraju vlast, koja je uposlila ma\u0161ineriju proizvodnje magle i spektakla u prebrojavanje i spekulisanje sa brojem ljudi na ulicama kako bi skrenula pa\u017enju sa su\u0161tinskih pitanja. Ipak ideolo\u0161ko\/politi\u010dka konfuzija koja u ovom protestu dosti\u017ee nove nivoe apsurda na ruku ide samo re\u017eimu. U \u201enajboljem\u201c slu\u010daju ishod protesta bi mogao da bude smena Vu\u010di\u0107a i ustoli\u010denje nekog poput \u0110ilasa, \u0161to barem za sada nije mnogo verovatno. Vu\u010di\u0107 je ve\u0107 najavio vanredne izbore kako bi iznova potvrdio legitimitet u nemogu\u0107im izbornim uslovima.1<\/p>\n<p>Na kraju va\u017eno je re\u0107i da ovi protesti nisu neka samonikla stvar niti su znak bu\u0111enja Srbije kako to pojedini opozicioni politi\u010dari \u017eele da predstave. U Srbiji ve\u0107 neko vreme socijalne, ekonomske i politi\u010dke tenzije imaju izraz u samoorganizovanom neslaganju. Protestovale su ljute mame zbog spornog Zakona o finansijskoj podr\u0161ci porodicama sa decom, protestovali su novinari i medijski radnici i radnice, protestovali su radnici i radnice preduze\u0107a poput Go\u0161e, IKL-a i IMT-a, Po\u0161te, EPS-a, protestovali su stanari Hotela Bristol i Udru\u017eeni pokret slobodnih stanara protestovalo se protiv privatizacije Ni\u0161kog aerodroma, protiv diktature nakon izbora u aprilu. Ove i mnoge druge inicijative doprinose izgradnji \u0161ireg pokreta kroz prepoznavanje i isticanje nepravde, artikulaciju zahteva za socijalnom pravdom, kao i mobilizacijom podr\u0161ke na putu ka sticanju politi\u010dkog uticaja i izgradnji paralelne infrastrukture u situaciji okupiranosti javnih resursa. Mnoge od ovih grupa dolaze na proteste u poku\u0161aju da u njega interveni\u0161u i da ga politizuju na druga\u010diji na\u010din. Ipak, poslednja stvar koju bi ovakve grasrut inicijative trebale da urade je da se odreknu svoje autonomije u ime politi\u010dkih karijerista.<\/p>\n<blockquote><p>1) Do koje mere je aktuelna vlast nedemokratska i opasan igra\u010d pokazuje i situacija sa izborima u Lu\u010danima kada su aktivisti SNS-a opseli op\u0161tinu i vr\u0161ili pritiske na gra\u0111ane da za njih glasaju. Aktivisti su kontrolisali od vrata do vrata izlaznost na izbore (zbog \u010dega su se gra\u0111ani krili po ku\u0107ama) i zastra\u0161ivali sve one uklju\u010duju\u0107i i novinare koji su poku\u0161avali da dokumentuju proces.<\/p><\/blockquote>\n<p><a href=\"http:\/\/www.masina.rs\/?p=8257\" target=\"_blank\" rel=\"noopener\">Ma\u0161ina<\/a><\/p>\n","protected":false},"excerpt":{"rendered":"<p>Prema zvani\u010dnim organizatorima aktuelni protesti su nepoliti\u010dki, dok se privid jedinstva \u010duva prizivanjem dostojanstva pristojnih gra\u0111ana. No, mnogi dolaze na proteste u poku\u0161aju da ih politizuju na druga\u010diji na\u010din<\/p>\n","protected":false},"author":1,"featured_media":259266,"comment_status":"open","ping_status":"closed","sticky":false,"template":"","format":"standard","meta":{"_seopress_robots_primary_cat":"","_seopress_titles_title":"","_seopress_titles_desc":"","_seopress_robots_index":"","_et_pb_use_builder":"","_et_pb_old_content":"","_et_gb_content_width":"","inline_featured_image":false,"footnotes":""},"categories":[5],"tags":[],"class_list":["post-259632","post","type-post","status-publish","format-standard","has-post-thumbnail","hentry","category-drugi-pisu"],"_links":{"self":[{"href":"https:\/\/www.pcnen.com\/portal\/wp-json\/wp\/v2\/posts\/259632","targetHints":{"allow":["GET"]}}],"collection":[{"href":"https:\/\/www.pcnen.com\/portal\/wp-json\/wp\/v2\/posts"}],"about":[{"href":"https:\/\/www.pcnen.com\/portal\/wp-json\/wp\/v2\/types\/post"}],"author":[{"embeddable":true,"href":"https:\/\/www.pcnen.com\/portal\/wp-json\/wp\/v2\/users\/1"}],"replies":[{"embeddable":true,"href":"https:\/\/www.pcnen.com\/portal\/wp-json\/wp\/v2\/comments?post=259632"}],"version-history":[{"count":0,"href":"https:\/\/www.pcnen.com\/portal\/wp-json\/wp\/v2\/posts\/259632\/revisions"}],"wp:featuredmedia":[{"embeddable":true,"href":"https:\/\/www.pcnen.com\/portal\/wp-json\/wp\/v2\/media\/259266"}],"wp:attachment":[{"href":"https:\/\/www.pcnen.com\/portal\/wp-json\/wp\/v2\/media?parent=259632"}],"wp:term":[{"taxonomy":"category","embeddable":true,"href":"https:\/\/www.pcnen.com\/portal\/wp-json\/wp\/v2\/categories?post=259632"},{"taxonomy":"post_tag","embeddable":true,"href":"https:\/\/www.pcnen.com\/portal\/wp-json\/wp\/v2\/tags?post=259632"}],"curies":[{"name":"wp","href":"https:\/\/api.w.org\/{rel}","templated":true}]}}