{"id":259629,"date":"2019-01-13T21:36:36","date_gmt":"2019-01-13T20:36:36","guid":{"rendered":"http:\/\/www.pcnen.com\/portal\/?p=259629"},"modified":"2019-01-13T21:37:14","modified_gmt":"2019-01-13T20:37:14","slug":"ponovo-padavine-pa-vedrina-na-jugu","status":"publish","type":"post","link":"https:\/\/www.pcnen.com\/portal\/2019\/01\/13\/ponovo-padavine-pa-vedrina-na-jugu\/","title":{"rendered":"Ponovo padavine, pa vedrina na jugu"},"content":{"rendered":"<p><img loading=\"lazy\" decoding=\"async\" class=\"alignright size-full wp-image-75510\" src=\"http:\/\/www.pcnen.com\/portal\/wp-content\/uploads\/2012\/02\/rekordne-visine-snijega.jpg\" alt=\"\" width=\"300\" height=\"225\" \/>U ponedjeljak \u0107e biti prete\u017eno obla\u010dno u Crnoj Gori, povremeno sa padavinama.<\/p>\n<p>U ni\u017eim predjelima na jugu zemlje pada\u0107e ki\u0161a, ponegdje kratkotrajno i susnje\u017eica. U ostalim oblastima pada\u0107e snijeg i susnje\u017eica.<\/p>\n<p>Padavine \u0107e postepen prestajati popodne ili krajem dana, a na jugu \u0107e djelimi\u010dno i razvedriti.<\/p>\n<p>U sjevernim krajevima i na primorju \u0107e ju\u017eni vjetar u jutarnjim satima biti mjestimi\u010dno umjeren do poja\u010dan, Poslije podne vjetar \u0107e po\u010deti da duva iz pravca sjevera i sjeveroistoka i poja\u010dava\u0107e, pa \u0107e krajem dana i tokom no\u0107i biti poja\u010dan i jak.<\/p>\n<p>Jutarnja temperatura vazduha bi\u0107e u rasponu od -10 do 5, a najvi\u0161a dnevna od -2 do 9 stepeni.<\/p>\n<p>U Podgorici \u0107e biti prete\u017eno obla\u010dno, povremeno sa ki\u0161om, a ne\u0107e biti iznena\u0111enje ni kratkotrajna susnje\u017eica. U kasnim popodnevnim satima ili krajem dana padavine \u0107e prestati i djelimi\u010dno \u0107e razvedriti. U popodnevnim satima, sjeveroisto\u010dni vjetar \u0107e poja\u010davati, pa \u0107e krajem dana i tokom no\u0107i biti poja\u010dan i jak. Jutarnja temperatura vazduha bi\u0107e oko 0, a najvi\u0161a dnevna do 5 stepeni.<\/p>\n<p><a href=\"http:\/\/www.meteo.co.me\/misc.php?text=121&amp;sektor=1&amp;grad=ZAB\">Prognoza za ostale gradove.<\/a><\/p>\n","protected":false},"excerpt":{"rendered":"<p>Na jugu Crne Gore ki\u0161a, ponegdje kratkotrajno i susnje\u017eica. U ostalim oblastima snijeg i susnje\u017eica<\/p>\n","protected":false},"author":1,"featured_media":0,"comment_status":"open","ping_status":"closed","sticky":false,"template":"","format":"standard","meta":{"_seopress_robots_primary_cat":"","_seopress_titles_title":"","_seopress_titles_desc":"","_seopress_robots_index":"","_et_pb_use_builder":"","_et_pb_old_content":"","_et_gb_content_width":"","inline_featured_image":false,"footnotes":""},"categories":[14,12],"tags":[],"class_list":["post-259629","post","type-post","status-publish","format-standard","hentry","category-vijesti","category-prica-dana"],"_links":{"self":[{"href":"https:\/\/www.pcnen.com\/portal\/wp-json\/wp\/v2\/posts\/259629","targetHints":{"allow":["GET"]}}],"collection":[{"href":"https:\/\/www.pcnen.com\/portal\/wp-json\/wp\/v2\/posts"}],"about":[{"href":"https:\/\/www.pcnen.com\/portal\/wp-json\/wp\/v2\/types\/post"}],"author":[{"embeddable":true,"href":"https:\/\/www.pcnen.com\/portal\/wp-json\/wp\/v2\/users\/1"}],"replies":[{"embeddable":true,"href":"https:\/\/www.pcnen.com\/portal\/wp-json\/wp\/v2\/comments?post=259629"}],"version-history":[{"count":0,"href":"https:\/\/www.pcnen.com\/portal\/wp-json\/wp\/v2\/posts\/259629\/revisions"}],"wp:attachment":[{"href":"https:\/\/www.pcnen.com\/portal\/wp-json\/wp\/v2\/media?parent=259629"}],"wp:term":[{"taxonomy":"category","embeddable":true,"href":"https:\/\/www.pcnen.com\/portal\/wp-json\/wp\/v2\/categories?post=259629"},{"taxonomy":"post_tag","embeddable":true,"href":"https:\/\/www.pcnen.com\/portal\/wp-json\/wp\/v2\/tags?post=259629"}],"curies":[{"name":"wp","href":"https:\/\/api.w.org\/{rel}","templated":true}]}}