{"id":259612,"date":"2019-01-13T11:56:59","date_gmt":"2019-01-13T10:56:59","guid":{"rendered":"http:\/\/www.pcnen.com\/portal\/?p=259612"},"modified":"2019-01-13T14:47:58","modified_gmt":"2019-01-13T13:47:58","slug":"df-odustao-od-doceka-pravoslavne-nove-godine","status":"publish","type":"post","link":"https:\/\/www.pcnen.com\/portal\/2019\/01\/13\/df-odustao-od-doceka-pravoslavne-nove-godine\/","title":{"rendered":"DF odustao od do\u010deka pravoslavne Nove godine"},"content":{"rendered":"<p><img loading=\"lazy\" decoding=\"async\" class=\"alignright  wp-image-110971\" src=\"http:\/\/www.pcnen.com\/portal\/wp-content\/uploads\/2013\/04\/demokratski-front-logo.jpg\" alt=\"\" width=\"232\" height=\"178\" \/>Demokratski front (DF) ne\u0107e ve\u010deras organizovati proslavu pravoslavne Nove godine, ve\u0107 \u0107e \u010delnici tog politi\u010dkog saveza prisustvovati molebnu u hramu Hristovog Vaskrsenja koji \u0107e slu\u017eiti mitropolit crnogorsko-primorski Amfilohije.<\/p>\n<p>U DF-u tvrde da su od organizovanog do\u010deka odustali nakon \u0161to im podgori\u010dki gradona\u010delnik Ivan Vukovi\u0107 nije dozvolio da postave binu na Trgu nezavisnosti.<\/p>\n<p>\u201cNakon konsultacija sa mitropolitom Amfilohijem, odlu\u010dili smo da ne prihvatamo eventualne rezervne lokacije, i da ne pristajemo da nas bilo ko poni\u017eava, ve\u0107 se opredjeljujemo da Novu godinu proslavimo i do\u010dekamo u hramu gdje \u0107e u pono\u0107 biti slu\u017een moleban. Pravoslavna zajednica \u0107e \u0161irom Crne Gore, kao i svake godine, uprkos raznim opstrukcijama, proslaviti srpsku Novu godinu na tradicionalan na\u010din i niko ih u tome ne mo\u017ee sprije\u010diti\u201d, saop\u0161teno je iz DF-a, prenosi portal Vijesti.<\/p>\n<p>\u010celnici Fronta su ranije najavili da \u0107e na Trgu nezavisnosti organizovati do\u010dek sa truba\u010dima i folk zvijezdama, ali im uprava Glavnog grada nije dala dozvolu jer se na tom prostoru nalazi mobilijar Podgori\u010dkog prazni\u010dnog bazara.<\/p>\n<p>Oni su tada kazali da \u0107e mobilijar biti uklonjen 15. januara.<\/p>\n","protected":false},"excerpt":{"rendered":"<p>\u010celnici tog politi\u010dkog saveza prisustvovati molebnu u hramu Hristovog Vaskrsenja koji \u0107e slu\u017eiti mitropolit Amfilohije<\/p>\n","protected":false},"author":1,"featured_media":0,"comment_status":"open","ping_status":"closed","sticky":false,"template":"","format":"standard","meta":{"_seopress_robots_primary_cat":"","_seopress_titles_title":"","_seopress_titles_desc":"","_seopress_robots_index":"","_et_pb_use_builder":"","_et_pb_old_content":"","_et_gb_content_width":"","inline_featured_image":false,"footnotes":""},"categories":[14,12],"tags":[],"class_list":["post-259612","post","type-post","status-publish","format-standard","hentry","category-vijesti","category-prica-dana"],"_links":{"self":[{"href":"https:\/\/www.pcnen.com\/portal\/wp-json\/wp\/v2\/posts\/259612","targetHints":{"allow":["GET"]}}],"collection":[{"href":"https:\/\/www.pcnen.com\/portal\/wp-json\/wp\/v2\/posts"}],"about":[{"href":"https:\/\/www.pcnen.com\/portal\/wp-json\/wp\/v2\/types\/post"}],"author":[{"embeddable":true,"href":"https:\/\/www.pcnen.com\/portal\/wp-json\/wp\/v2\/users\/1"}],"replies":[{"embeddable":true,"href":"https:\/\/www.pcnen.com\/portal\/wp-json\/wp\/v2\/comments?post=259612"}],"version-history":[{"count":0,"href":"https:\/\/www.pcnen.com\/portal\/wp-json\/wp\/v2\/posts\/259612\/revisions"}],"wp:attachment":[{"href":"https:\/\/www.pcnen.com\/portal\/wp-json\/wp\/v2\/media?parent=259612"}],"wp:term":[{"taxonomy":"category","embeddable":true,"href":"https:\/\/www.pcnen.com\/portal\/wp-json\/wp\/v2\/categories?post=259612"},{"taxonomy":"post_tag","embeddable":true,"href":"https:\/\/www.pcnen.com\/portal\/wp-json\/wp\/v2\/tags?post=259612"}],"curies":[{"name":"wp","href":"https:\/\/api.w.org\/{rel}","templated":true}]}}