{"id":259598,"date":"2019-01-13T09:32:15","date_gmt":"2019-01-13T08:32:15","guid":{"rendered":"http:\/\/www.pcnen.com\/portal\/?p=259598"},"modified":"2019-01-13T09:34:38","modified_gmt":"2019-01-13T08:34:38","slug":"crna-gora-pri-dnu-barometra-slobode","status":"publish","type":"post","link":"https:\/\/www.pcnen.com\/portal\/2019\/01\/13\/crna-gora-pri-dnu-barometra-slobode\/","title":{"rendered":"Crna Gora pri dnu Barometra slobode"},"content":{"rendered":"<p><img loading=\"lazy\" decoding=\"async\" class=\"alignright size-full wp-image-198452\" src=\"http:\/\/www.pcnen.com\/portal\/wp-content\/uploads\/2016\/02\/sloboda-e1541664854156.jpg\" alt=\"\" width=\"300\" height=\"169\" \/>Crna Gora je na 33. mjestu od ukupno 45 zemalja Evrope i centralne Azije prema <a href=\"http:\/\/freedombarometer.org\/ranking\/2018\">Barometru slobode za 2018.<\/a> koji rangira zemlje po stepenu politi\u010dkih i ekonomskih sloboda i vladavine prava, prenosi <a href=\"http:\/\/www.euractiv.rs\/srbija-i-eu\/13403-srbija-pri-dnu-barometra-slobode-fondacije-fridrih-nauman\">euractiv.rs.<\/a><\/p>\n<p>Od Crne Gore je bolja Hrvatska (30), a lo\u0161ije su ocijenjene Srbija (35), Makedonija (36) i BiH (40).<\/p>\n<p>Od biv\u0161ih jugoslovenskih republika najbolja je Slovenija koja je na 21. mjestu.<\/p>\n<p>Prema Barometru slobode Fondacije \u2018Fridrih Nauman\u2019, najbolje su rangirane \u0160vajcarska, Norve\u0161ka, Finska, Holandija i Irska, a pet posljednjih mjesta zauzimaju Kirgistan, Turska, Azerbejd\u017ean, Rusija i Tad\u017eikistan.<\/p>\n","protected":false},"excerpt":{"rendered":"<p>Od Crne Gore je bolja Hrvatska, a lo\u0161ije su ocijenjene Srbija, Makedonija i BiH <\/p>\n","protected":false},"author":1,"featured_media":0,"comment_status":"open","ping_status":"closed","sticky":false,"template":"","format":"standard","meta":{"_seopress_robots_primary_cat":"","_seopress_titles_title":"","_seopress_titles_desc":"","_seopress_robots_index":"","_et_pb_use_builder":"","_et_pb_old_content":"","_et_gb_content_width":"","inline_featured_image":false,"footnotes":""},"categories":[14,12],"tags":[],"class_list":["post-259598","post","type-post","status-publish","format-standard","hentry","category-vijesti","category-prica-dana"],"_links":{"self":[{"href":"https:\/\/www.pcnen.com\/portal\/wp-json\/wp\/v2\/posts\/259598","targetHints":{"allow":["GET"]}}],"collection":[{"href":"https:\/\/www.pcnen.com\/portal\/wp-json\/wp\/v2\/posts"}],"about":[{"href":"https:\/\/www.pcnen.com\/portal\/wp-json\/wp\/v2\/types\/post"}],"author":[{"embeddable":true,"href":"https:\/\/www.pcnen.com\/portal\/wp-json\/wp\/v2\/users\/1"}],"replies":[{"embeddable":true,"href":"https:\/\/www.pcnen.com\/portal\/wp-json\/wp\/v2\/comments?post=259598"}],"version-history":[{"count":0,"href":"https:\/\/www.pcnen.com\/portal\/wp-json\/wp\/v2\/posts\/259598\/revisions"}],"wp:attachment":[{"href":"https:\/\/www.pcnen.com\/portal\/wp-json\/wp\/v2\/media?parent=259598"}],"wp:term":[{"taxonomy":"category","embeddable":true,"href":"https:\/\/www.pcnen.com\/portal\/wp-json\/wp\/v2\/categories?post=259598"},{"taxonomy":"post_tag","embeddable":true,"href":"https:\/\/www.pcnen.com\/portal\/wp-json\/wp\/v2\/tags?post=259598"}],"curies":[{"name":"wp","href":"https:\/\/api.w.org\/{rel}","templated":true}]}}