{"id":259588,"date":"2019-01-13T08:17:25","date_gmt":"2019-01-13T07:17:25","guid":{"rendered":"http:\/\/www.pcnen.com\/portal\/?p=259588"},"modified":"2019-01-13T08:18:17","modified_gmt":"2019-01-13T07:18:17","slug":"knezevic-iznio-detalje-oko-konvertovanog-novca","status":"publish","type":"post","link":"https:\/\/www.pcnen.com\/portal\/2019\/01\/13\/knezevic-iznio-detalje-oko-konvertovanog-novca\/","title":{"rendered":"Kne\u017eevi\u0107 iznio detalje oko &#8216;konvertovanog&#8217; novca"},"content":{"rendered":"<div id=\"attachment_259514\" style=\"width: 360px\" class=\"wp-caption alignright\"><img loading=\"lazy\" decoding=\"async\" aria-describedby=\"caption-attachment-259514\" class=\"size-full wp-image-259514\" src=\"http:\/\/www.pcnen.com\/portal\/wp-content\/uploads\/2019\/01\/Knezevic-i-Stijepovic-novac.jpg\" alt=\"\" width=\"350\" height=\"263\" \/><p id=\"caption-attachment-259514\" class=\"wp-caption-text\">Foto: In4S<\/p><\/div>\n<p>Predsjednik Atlas grupe Du\u0161ko Kne\u017eevi\u0107 je pojasnio, u <a href=\"https:\/\/www.vijesti.me\/vijesti\/sjutra-u-vijestima-zasto-je-migo-trazio-konverziju-gdje-je-zavrsio-ostatak-novca\">razgovoru za Vijesti,<\/a> da je biv\u0161em gradona\u010delniku Podgorice i visokom funkcioneru Demokratske partije socijalista Slavoljubu Stijepovi\u0107u dao 200.000 dolara, u dva navrata, a da ih je on poslije nekoliko dana vratio radi konverzije u eure, kako bi sa njima lak\u0161e radio na terenu.<\/p>\n<p>&#8220;Nije istina da se radilo samo o konverziji 100 000 dolara. Po dogovoru sa Milom \u0110ukanovi\u0107em poslao sam po voza\u010du 200 000 dolara, ali ih je on vratio posle dva dana, tvrde\u0107i da ne mo\u017ee da ih koristi za rad na terenu i kampanji\u201c, kazao je \u041ane\u017eevi\u0107 za Vijesti.<\/p>\n<p>\u041ane\u017eevi\u0107, za kojim je Specijalno tu\u017eila\u0161tvo raspisalo nacionalnu potjernicu po\u0161to je osumnji\u010den za pranje novca i nelagalno poslovanje, pozvao je Stijepovi\u0107a da ka\u017ee, koliko je novca donirao DPS-u, Glavnom gradu i njemu li\u010dno za vrijeme mandata gradona\u010delnika Podgorice, kao i \u0161ta mu je kazao pred put za Latinsku Ameriku u decembru.<\/p>\n<p>\u201cAko Migo ne\u0107e, mora\u0107u ja objaviti detalje\u201d, poru\u010dio je \u041ane\u017eevi\u0107.<\/p>\n<p>On je rekao da mu je sada cilj da demontira \u201ckriminalni klan\u201d u kojem se nalazi i glavni specijalni tu\u017eilac Milivoje Katni\u0107, koji je, kako tvrdi, poku\u0161ao da ga pove\u017ee sa navodnim poku\u0161ajem dr\u017eavnog udara.<\/p>\n<p>Slavoljub Stijepovi\u0107 je, nakon objavljivanja snimka gdje od Kne\u017eevi\u0107a uzima kovertu sa novcem, <a href=\"http:\/\/www.pcnen.com\/portal\/2019\/01\/12\/stijepovic-potvrdio-autenticnost-snimka\/\">potvrdio autenti\u0107nost snimka,<\/a> ali je rekao da je to novac koji je on ranije dao Kne\u017eevi\u0107u da ga konvertuje u svojoj banci.<\/p>\n<p>Demokratska partija socijalista je u <a href=\"http:\/\/www.pcnen.com\/portal\/2019\/01\/12\/dps-se-oglasio-optuzuje-opoziciju-medije-i-knezevica\/\">odocnjeloj reakciji<\/a> na <a href=\"http:\/\/www.pcnen.com\/portal\/2019\/01\/11\/in4s-stijepovic-uzeo-licno-novac-od-knezevica\/\">aferu<\/a> optu\u017eila Kne\u017eevi\u0107a zbog objavljivanja snimka, a opoziciju za kampanju protiv vlasti.<\/p>\n<p>Kne\u017eevi\u0107 nastavlja da<a href=\"https:\/\/www.instagram.com\/dkatlas\/\"> koristi svoj instragram<\/a> za obra\u010dun sa pojedincima iz crnogorske vlasti, \u0161alju\u0107i intrigantne poruke.<\/p>\n","protected":false},"excerpt":{"rendered":"<p>\u201cAko Migo ne\u0107e, mora\u0107u ja objaviti detalje\u201d, poru\u010dio je \u041ane\u017eevi\u0107<\/p>\n","protected":false},"author":1,"featured_media":0,"comment_status":"open","ping_status":"closed","sticky":false,"template":"","format":"standard","meta":{"_seopress_robots_primary_cat":"","_seopress_titles_title":"","_seopress_titles_desc":"","_seopress_robots_index":"","_et_pb_use_builder":"","_et_pb_old_content":"","_et_gb_content_width":"","inline_featured_image":false,"footnotes":""},"categories":[14,12],"tags":[],"class_list":["post-259588","post","type-post","status-publish","format-standard","hentry","category-vijesti","category-prica-dana"],"_links":{"self":[{"href":"https:\/\/www.pcnen.com\/portal\/wp-json\/wp\/v2\/posts\/259588","targetHints":{"allow":["GET"]}}],"collection":[{"href":"https:\/\/www.pcnen.com\/portal\/wp-json\/wp\/v2\/posts"}],"about":[{"href":"https:\/\/www.pcnen.com\/portal\/wp-json\/wp\/v2\/types\/post"}],"author":[{"embeddable":true,"href":"https:\/\/www.pcnen.com\/portal\/wp-json\/wp\/v2\/users\/1"}],"replies":[{"embeddable":true,"href":"https:\/\/www.pcnen.com\/portal\/wp-json\/wp\/v2\/comments?post=259588"}],"version-history":[{"count":0,"href":"https:\/\/www.pcnen.com\/portal\/wp-json\/wp\/v2\/posts\/259588\/revisions"}],"wp:attachment":[{"href":"https:\/\/www.pcnen.com\/portal\/wp-json\/wp\/v2\/media?parent=259588"}],"wp:term":[{"taxonomy":"category","embeddable":true,"href":"https:\/\/www.pcnen.com\/portal\/wp-json\/wp\/v2\/categories?post=259588"},{"taxonomy":"post_tag","embeddable":true,"href":"https:\/\/www.pcnen.com\/portal\/wp-json\/wp\/v2\/tags?post=259588"}],"curies":[{"name":"wp","href":"https:\/\/api.w.org\/{rel}","templated":true}]}}