{"id":259570,"date":"2019-01-12T19:45:51","date_gmt":"2019-01-12T18:45:51","guid":{"rendered":"http:\/\/www.pcnen.com\/portal\/?p=259570"},"modified":"2019-01-12T19:45:51","modified_gmt":"2019-01-12T18:45:51","slug":"dps-se-oglasio-optuzuje-opoziciju-medije-i-knezevica","status":"publish","type":"post","link":"https:\/\/www.pcnen.com\/portal\/2019\/01\/12\/dps-se-oglasio-optuzuje-opoziciju-medije-i-knezevica\/","title":{"rendered":"DPS se oglasio, optu\u017euje opoziciju, medije i Kne\u017eevi\u0107a"},"content":{"rendered":"<p><img loading=\"lazy\" decoding=\"async\" class=\"alignright size-full wp-image-59125\" src=\"http:\/\/www.pcnen.com\/portal\/wp-content\/uploads\/2011\/08\/DPS1.jpg\" alt=\"\" width=\"285\" height=\"196\" \/>Demokratska partija socijalista se <a href=\"https:\/\/www.dps.me\/me\/vijest\/dps-nedostojna-kampanja-ocajnika-koji-bjeze-od-pravde\" target=\"_blank\" rel=\"noopener\">oglasila saop\u0161tenjem<\/a> povodom <a href=\"http:\/\/www.pcnen.com\/portal\/2019\/01\/12\/stijepovic-potvrdio-autenticnost-snimka\/\">afere u koju je upleten njihov visoki funkcioner Slavoljub Stijepovi\u0107<\/a>, koji je potvrdio vjerodostojnost snimka na kome se vidi kako uzima kovertu sa novcem od predsjednika Atlas grupe Du\u0161ka Kne\u017eevi\u0107a, koji je, prema vlastitom priznanju, dugogodi\u0161nji finansijer DPS.<\/p>\n<p>\u201cNijesmo reagovali na u\u010destale prozivke i provokacije ovim povodom, jer ne \u017eelimo da se bilo koji na\u0161 stav tuma\u010di kao pritisak na pravosudne organe\u201d, navodi se u saop\u0161tenju, u kome uzvra\u0107a kontraoptu\u017ebama na ra\u010dun opozicije, prvenstveno Demokratskof fronta, pojedinih medija i posebno predsjednika Atlas grupe Kne\u017eevi\u0107a.<\/p>\n","protected":false},"excerpt":{"rendered":"<p>Demokratska partija socijalista se oglasila saop\u0161tenjem povodom afere u koju je upleten njihov visoki funkcioner Slavoljub Stijepovi\u0107, koji je potvrdio vjerodostojnost snimka na kome se vidi kako uzima kovertu sa novcem od predsjednika Atlas grupe Du\u0161ka Kne\u017eevi\u0107a, koji je, prema vlastitom priznanju, dugogodi\u0161nji finansijer DPS. \u201cNijesmo reagovali na u\u010destale prozivke i provokacije ovim povodom, jer [&hellip;]<\/p>\n","protected":false},"author":1,"featured_media":0,"comment_status":"open","ping_status":"closed","sticky":false,"template":"","format":"standard","meta":{"_seopress_robots_primary_cat":"","_seopress_titles_title":"","_seopress_titles_desc":"","_seopress_robots_index":"","_et_pb_use_builder":"","_et_pb_old_content":"","_et_gb_content_width":"","inline_featured_image":false,"footnotes":""},"categories":[14],"tags":[],"class_list":["post-259570","post","type-post","status-publish","format-standard","hentry","category-vijesti"],"_links":{"self":[{"href":"https:\/\/www.pcnen.com\/portal\/wp-json\/wp\/v2\/posts\/259570","targetHints":{"allow":["GET"]}}],"collection":[{"href":"https:\/\/www.pcnen.com\/portal\/wp-json\/wp\/v2\/posts"}],"about":[{"href":"https:\/\/www.pcnen.com\/portal\/wp-json\/wp\/v2\/types\/post"}],"author":[{"embeddable":true,"href":"https:\/\/www.pcnen.com\/portal\/wp-json\/wp\/v2\/users\/1"}],"replies":[{"embeddable":true,"href":"https:\/\/www.pcnen.com\/portal\/wp-json\/wp\/v2\/comments?post=259570"}],"version-history":[{"count":0,"href":"https:\/\/www.pcnen.com\/portal\/wp-json\/wp\/v2\/posts\/259570\/revisions"}],"wp:attachment":[{"href":"https:\/\/www.pcnen.com\/portal\/wp-json\/wp\/v2\/media?parent=259570"}],"wp:term":[{"taxonomy":"category","embeddable":true,"href":"https:\/\/www.pcnen.com\/portal\/wp-json\/wp\/v2\/categories?post=259570"},{"taxonomy":"post_tag","embeddable":true,"href":"https:\/\/www.pcnen.com\/portal\/wp-json\/wp\/v2\/tags?post=259570"}],"curies":[{"name":"wp","href":"https:\/\/api.w.org\/{rel}","templated":true}]}}