{"id":259559,"date":"2019-01-12T14:43:10","date_gmt":"2019-01-12T13:43:10","guid":{"rendered":"http:\/\/www.pcnen.com\/portal\/?p=259559"},"modified":"2019-01-12T14:48:12","modified_gmt":"2019-01-12T13:48:12","slug":"predemo-li-preko-ovoga-crna-gora-je-nepovratno-privatna-drzava","status":"publish","type":"post","link":"https:\/\/www.pcnen.com\/portal\/2019\/01\/12\/predemo-li-preko-ovoga-crna-gora-je-nepovratno-privatna-drzava\/","title":{"rendered":"Pre\u0111emo li preko ovoga, Crna Gora je nepovratno privatna dr\u017eava"},"content":{"rendered":"<p><img loading=\"lazy\" decoding=\"async\" class=\"size-full wp-image-246784 alignleft\" src=\"http:\/\/www.pcnen.com\/portal\/wp-content\/uploads\/2018\/05\/Dritan-Abazovic-e1547300529724.jpg\" alt=\"\" width=\"350\" height=\"246\" \/>Po\u0161tovane ekselencije,<\/p>\n<p>Nakon \u0161to je<a href=\"http:\/\/www.pcnen.com\/portal\/2019\/01\/11\/in4s-stijepovic-uzeo-licno-novac-od-knezevica\/\"> objavljen snimak<\/a> na kome se jasno i nedvosmileno vidi kako generalni sekretar\u00a0 predsjednika Crne Gore Mila \u0110ukanovi\u0107a, a biv\u0161i gradona\u010delnik Glavnog grada i ministar prosvjete Slavoljub Stjepovi\u0107 uzima kovertu u kojoj se nalazi 97500 dolara, smatramo neizmjerno va\u017enim da sve releventne me\u0111unarodne adrese i Vas li\u010dno kao na\u0161e iskrene partnere upoznamo sa ovim antologijskim skandalom.<\/p>\n<p>Naime, ovo je kontinuitet onoga na \u0161ta godinama upozoravamo, da su u Crnoj Gori svi izbori pokradeni, za \u0161ta su i do sada postojali dokazi, ali se uvijek nailazilo na \u0107utanje nadle\u017enih institucija koje su ostale u slu\u017ebi za\u0161tite direktnih aktera svih otkrivenih afera.<\/p>\n<p>Ono \u0161to razlikuje prethodnu od ove je \u010dinjenica da imamo \u201esvjedoka saradnika\u201c u liku biznismena Du\u0161ka Kne\u017eevi\u0107a koji tvrdi da je novac namijenio vladaju\u0107oj stranci. Jasno je i to da je Slavoljub Stjepovi\u0107 u cjelom slu\u010daju samo kurir svoje partije koji po\u0161iljku odnosi svome \u0161efu, ina\u010de aktuelnom predsjedniku dr\u017eave Milu \u0110ukanovi\u0107u. Zatim vjerovatno dogovorno novac rapore\u0111uju na teren gdje se, koriste\u0107i tu\u017ene sudbine osiroma\u0161enog stanovni\u0161tva, kupuju glasovi, a samim tim i izborna volja gra\u0111ana.<\/p>\n<p>Nijesam siguran da bilo ko u Crnoj Gori ima pravo da pre\u0107uti sve ovo \u0161to se de\u0161ava, ali da vi\u0161e ne stoje ni Va\u0161a opravdanja kako nemate mandat da se mje\u0161ate u unutra\u0161nje stvari na\u0161e dr\u017eave. Jer, ovdje je rije\u010d o vrijednostima, a ne o pojedina\u010dnom slu\u010daju. Ukoliko zajedni\u010dki ne\u0161to ne u\u010dinimo, Crna Gora \u0107e nepovratno ostati privatna dr\u017eava.<\/p>\n<p>Pozivi da u parlamentu razgovaramo sa ljudima koji su ogrezli u organizovanom kriminalu, svoju politi\u010dku karijeru zapo\u010dinjali ratnim djelovanjem na prostoru biv\u0161e Jugoslavije, a nastavili kroz \u0161verc cigareta i trafiking narkotika, nakon ovog posljednjeg snimka dodatno gube svaki smisao. Sa tim ljudima moraju razgovarati specijalni tu\u017eilac i sudije, a ne poslanici.<\/p>\n<p>Vjeruju\u0107i da je zajedni\u010dki cilj da se integracioni procesi u Crnoj Gori dodatno ubrzaju te da evropska agenda dobije zna\u010dajnu dinamiku, apelujem da preko ove afere ne pre\u0111ete kao preko afere \u201eSnimak\u201c, koja se prili\u010dno uzaludno ponavlja svake godine u izvje\u0161taj o progresu. U svakoj demokratskoj dr\u017eavi predsjednik stranke koja se finansira na ovakav na\u010din odmah bi podnio ostvaku, a svi akteri afere bili bi makar u izvi\u0111aju specijalnog tu\u017eila\u0161tva. Podsje\u0107am i da je i biv\u0161i premijer Hrvatske Ivo Sanader uhap\u0161en, izme\u0111u ostalog, zbog nelegalnog finsiranja svoje stranke.<\/p>\n<p>Po\u0161tovane ekselenicije, smatraju\u0107i Vas iskrenim prijateljima Crne Gore, molim Vas da nam pomognete, prije nego \u0161to se vlast po\u010dne valjati ulicama. Ne tra\u017eimo podr\u0161ku za svoje politi\u010dke subjekte, nego za istinu, pravdu i zakonitost. Ako ve\u0107 nijeste u mogu\u0107nosti da nam pomognete, pored toga \u0161to ula\u017eete mnogo resursa u trasformaciju na\u0161ih zarobljenih institucija, onda Vas krajnje prijateljski i dobronamjerno molim, da se suzdr\u017eite od javnih pohvala za ovakvu vlast, kako bi sa\u010duvali sopstveni kredibilitet, ali i ugled dr\u017eava ili organizacija koje predstavljate.<\/p>\n<p>Nakon tridest godina jedne vlasti, odlazi mo\u017eda i posljednja \u0161ansa da se zajedni\u010dki uklju\u010dimo u demokratski vagon za EU. Ne dozvolite da sva energija koja je utro\u0161ena prethodnih godina, naprosto nestane.<\/p>\n<p>Snimak koji je objelodanjen, jasno govori da ovo nije zemlja po\u0161tenih izbora, a da vlast ne proizilazi iz slobodne volje gra\u0111ana kako je to Ustavom propisano. Ako to pre\u0107utimo, slegnemo ramenima, onda naprosto odustajemo od svih temeljnih vrijednosti zapadne demokratije, ru\u0161imo temelje na kojima po\u010diva Evropska unija i izdajemo ideju slobode za koje su \u017eivote dali brojni gra\u0111ani dr\u017eava iz kojih dolazite.<\/p>\n<p>Zato Vas molim da zajedno izgradimo dr\u017eavu koja \u0107e biti ponos nas gra\u0111ana Crne Gore, svih njenih prijatelja \u0161irom svijeta, ali i Evrope kojoj zajedni\u010dki te\u017eimo. Pru\u017eite nam ruku za zajedni\u010dku budu\u0107nost.<\/p>\n<p>S po\u0161tovanjem,<\/p>\n<p>Predsjednik Gra\u0111anskog pokreta URA<\/p>\n<p><strong>Dritan Abazovi\u0107<\/strong><\/p>\n","protected":false},"excerpt":{"rendered":"<p>Lider Gra\u0111anskog pokreta URA Dritan Abazovi\u0107 je danas uputio pismo ambasadorima i evropskim poslanicima<\/p>\n","protected":false},"author":1,"featured_media":0,"comment_status":"open","ping_status":"closed","sticky":false,"template":"","format":"standard","meta":{"_seopress_robots_primary_cat":"","_seopress_titles_title":"","_seopress_titles_desc":"","_seopress_robots_index":"","_et_pb_use_builder":"","_et_pb_old_content":"","_et_gb_content_width":"","inline_featured_image":false,"footnotes":""},"categories":[14,12],"tags":[],"class_list":["post-259559","post","type-post","status-publish","format-standard","hentry","category-vijesti","category-prica-dana"],"_links":{"self":[{"href":"https:\/\/www.pcnen.com\/portal\/wp-json\/wp\/v2\/posts\/259559","targetHints":{"allow":["GET"]}}],"collection":[{"href":"https:\/\/www.pcnen.com\/portal\/wp-json\/wp\/v2\/posts"}],"about":[{"href":"https:\/\/www.pcnen.com\/portal\/wp-json\/wp\/v2\/types\/post"}],"author":[{"embeddable":true,"href":"https:\/\/www.pcnen.com\/portal\/wp-json\/wp\/v2\/users\/1"}],"replies":[{"embeddable":true,"href":"https:\/\/www.pcnen.com\/portal\/wp-json\/wp\/v2\/comments?post=259559"}],"version-history":[{"count":0,"href":"https:\/\/www.pcnen.com\/portal\/wp-json\/wp\/v2\/posts\/259559\/revisions"}],"wp:attachment":[{"href":"https:\/\/www.pcnen.com\/portal\/wp-json\/wp\/v2\/media?parent=259559"}],"wp:term":[{"taxonomy":"category","embeddable":true,"href":"https:\/\/www.pcnen.com\/portal\/wp-json\/wp\/v2\/categories?post=259559"},{"taxonomy":"post_tag","embeddable":true,"href":"https:\/\/www.pcnen.com\/portal\/wp-json\/wp\/v2\/tags?post=259559"}],"curies":[{"name":"wp","href":"https:\/\/api.w.org\/{rel}","templated":true}]}}