{"id":259555,"date":"2019-01-12T13:48:15","date_gmt":"2019-01-12T12:48:15","guid":{"rendered":"http:\/\/www.pcnen.com\/portal\/?p=259555"},"modified":"2019-01-12T13:51:58","modified_gmt":"2019-01-12T12:51:58","slug":"df-trazi-hapsenje-dukanovica-stijepovica-katnica-i-knezevica","status":"publish","type":"post","link":"https:\/\/www.pcnen.com\/portal\/2019\/01\/12\/df-trazi-hapsenje-dukanovica-stijepovica-katnica-i-knezevica\/","title":{"rendered":"DF tra\u017ei hap\u0161enje \u0110ukanovi\u0107a, Stijepovi\u0107a, Katni\u0107a i Kne\u017eevi\u0107a"},"content":{"rendered":"<p><img loading=\"lazy\" decoding=\"async\" class=\"alignright size-full wp-image-235244\" src=\"http:\/\/www.pcnen.com\/portal\/wp-content\/uploads\/2017\/10\/lisice-1-e1538153250358.jpg\" alt=\"\" width=\"300\" height=\"217\" \/>Demokratski front (DF) je danas najavio da \u0107e u ponedjeljak podnijeti krivi\u010dnu prijavu protiv predsjednika Atlas grupe Du\u0161ka Kne\u017eevi\u0107a, biv\u0161eg gradona\u010delnika Podgorice Slavoljuba Stijepovi\u0107a, lidera Demokratske partije socijalista (DPS) Mila \u0110ukanovi\u0107a i glavnog specijalnog tu\u017eioca Milivoja Katni\u0107a.<\/p>\n<p>Andrija Mandi\u0107, jedan od lidera DF, poru\u010dio je Ivici Stankovi\u0107u, vrhovnom dr\u017eavnom tu\u017eiocu, da primijeni ovla\u0161\u0107enja koja mu stoje na raspolaganju.<\/p>\n<p>&#8220;Pozivam Stankovi\u0107a da krene u akciju hap\u0161enja \u0110ukanovi\u0107a, Stijepovi\u0107a, Katni\u0107a i Du\u0161ka Kne\u017eevi\u0107a\u201c, kazao je Milan Kne\u017eevi\u0107, jedan od lidera DF, <a href=\"https:\/\/www.vijesti.me\/vijesti\/politika\/df-podnosi-krivicne-prijave-protiv-knezevica-stijepovica-dukanovica-i-katnica\">prenosi portal Vijesti.<\/a><\/p>\n<p>Biv\u0161i gradona\u010delnik Podgorice je <a href=\"http:\/\/www.pcnen.com\/portal\/2019\/01\/12\/stijepovic-potvrdio-autenticnost-snimka\/\">priznao da je autenti\u010dan snimak<\/a> na kome se vidi da on od predsjednika Atlas banke <a href=\"http:\/\/www.pcnen.com\/portal\/2019\/01\/11\/in4s-stijepovic-uzeo-licno-novac-od-knezevica\/\">uzima kovertu sa novcem<\/a>, pravdaju\u0107i se da je rije\u010d o parama koje su iz dolara konvertovane u eure.<\/p>\n<p>Za Kne\u017eevi\u0107em, koji je osumnji\u010den za pranje novca i nzakonito poslovanje, raspisana je potjernica.<\/p>\n<p>Kne\u017eevi\u0107 se u kontinuitetu, <a href=\"https:\/\/www.instagram.com\/dkatlas\/\">preko svoga instragram naloga<\/a>, obra\u0107a medijima i javnosti, \u0161alju\u0107i intrigantne poruke ljudima iz vlasti sa kojima je drugovao dugi niz godina i kojima je, kako je sam kazao, davao novac.<\/p>\n<p>&nbsp;<\/p>\n","protected":false},"excerpt":{"rendered":"<p>Demokratski front (DF) je danas najavio da \u0107e u ponedjeljak podnijeti krivi\u010dnu prijavu protiv predsjednika Atlas grupe Du\u0161ka Kne\u017eevi\u0107a, biv\u0161eg gradona\u010delnika Podgorice Slavoljuba Stijepovi\u0107a, lidera Demokratske partije socijalista (DPS) Mila \u0110ukanovi\u0107a i glavnog specijalnog tu\u017eioca Milivoja Katni\u0107a. Andrija Mandi\u0107, jedan od lidera DF, poru\u010dio je Ivici Stankovi\u0107u, vrhovnom dr\u017eavnom tu\u017eiocu, da primijeni ovla\u0161\u0107enja koja mu [&hellip;]<\/p>\n","protected":false},"author":1,"featured_media":0,"comment_status":"open","ping_status":"closed","sticky":false,"template":"","format":"standard","meta":{"_seopress_robots_primary_cat":"","_seopress_titles_title":"","_seopress_titles_desc":"","_seopress_robots_index":"","_et_pb_use_builder":"","_et_pb_old_content":"","_et_gb_content_width":"","inline_featured_image":false,"footnotes":""},"categories":[14,12],"tags":[],"class_list":["post-259555","post","type-post","status-publish","format-standard","hentry","category-vijesti","category-prica-dana"],"_links":{"self":[{"href":"https:\/\/www.pcnen.com\/portal\/wp-json\/wp\/v2\/posts\/259555","targetHints":{"allow":["GET"]}}],"collection":[{"href":"https:\/\/www.pcnen.com\/portal\/wp-json\/wp\/v2\/posts"}],"about":[{"href":"https:\/\/www.pcnen.com\/portal\/wp-json\/wp\/v2\/types\/post"}],"author":[{"embeddable":true,"href":"https:\/\/www.pcnen.com\/portal\/wp-json\/wp\/v2\/users\/1"}],"replies":[{"embeddable":true,"href":"https:\/\/www.pcnen.com\/portal\/wp-json\/wp\/v2\/comments?post=259555"}],"version-history":[{"count":0,"href":"https:\/\/www.pcnen.com\/portal\/wp-json\/wp\/v2\/posts\/259555\/revisions"}],"wp:attachment":[{"href":"https:\/\/www.pcnen.com\/portal\/wp-json\/wp\/v2\/media?parent=259555"}],"wp:term":[{"taxonomy":"category","embeddable":true,"href":"https:\/\/www.pcnen.com\/portal\/wp-json\/wp\/v2\/categories?post=259555"},{"taxonomy":"post_tag","embeddable":true,"href":"https:\/\/www.pcnen.com\/portal\/wp-json\/wp\/v2\/tags?post=259555"}],"curies":[{"name":"wp","href":"https:\/\/api.w.org\/{rel}","templated":true}]}}