{"id":259553,"date":"2019-01-12T13:18:26","date_gmt":"2019-01-12T12:18:26","guid":{"rendered":"http:\/\/www.pcnen.com\/portal\/?p=259553"},"modified":"2020-03-01T17:29:11","modified_gmt":"2020-03-01T16:29:11","slug":"media-centar-nivo-povjerenja-u-rtcg-ispod-onoga-iz-2012-godine","status":"publish","type":"post","link":"https:\/\/www.pcnen.com\/portal\/2019\/01\/12\/media-centar-nivo-povjerenja-u-rtcg-ispod-onoga-iz-2012-godine\/","title":{"rendered":"Media centar: Nivo povjerenja u RTCG ispod onoga iz 2012. godine"},"content":{"rendered":"<p>Povjerenje gara\u0111ana\/ki u RTCG, nacionalni medijski javni servis, manje je nego prije \u0161est godina, pokazala je <a href=\"http:\/\/www.pcnen.com\/portal\/2019\/01\/12\/analiza-objavljenih-nalaza-istrazivanja-javnog-mnjenja-o-rtcg\/\">analiza<\/a> koju je uradio Media centar, a koja je danas predstavljena novinarima.<\/p>\n<p>\u201cZa samo nekoliko mjeseci nakon nezakonitih razrje\u0161enja Andrijane Kadije i Vladana Mi\u0107unovi\u0107a, generalne direktorice RTCG i direktora TVCG, Savjet i menad\u017ement RTCG su uspjeli da\u00a0 uni\u0161te sve rezultate ostvarene u 2017. godini i dovedu RTCG na nivo povjerenja ispod onoga iz 2012. godine. Pad povjerenja i pove\u0107anje nepovjerenja u TVCG ukazuje na \u010dinjenicu da gra\u0111ani nisu zadovoljni radom ove institucije\u201d, jedan je od zaklju\u010daka analize.<\/p>\n<p>Analiza Media centra bazirana je na upore\u0111ivanju rezultata poslednjeg istra\u017eivanja iz decembra 2018. godine sa rezultatima istra\u017eivanja sprovednih od 2011. do 2018. godine, jer je ta vrsta uporednih podataka nedostajala u prezentaciji najnovijeg istra\u017eivanja IPSOS-a, koje je menad\u017ementu RTCG poslu\u017eilo za samohvalu, \u0161to Media centar ocjenjuje kao manipulisanje javno\u0161\u0107u.<\/p>\n<p>\u201cGeneralni direktor (Bo\u017eidar) \u0160undi\u0107 je iznio neistinite konstatacije prilikom predstavljanja istra\u017eivanja iz decembra 2018. godine, da je istra\u017eivanje pokazalo da je RTCG na pravom putu, \u2018da je informativno-politi\u010dki program dobar\u201d,\u00a0 \u201cide uzlaznom linijom\u201d\u00a0 i zbog toga treba da bude razrije\u0161en du\u017enosti\u201d, konstatovano je u analizi Media centra.<\/p>\n<p>U analizi je Savjet RTCG optu\u017een za sau\u010desni\u0161tvo \u201cu obmanjivanju javnosti o navodnim uspjesima RTCG\u201d, jer \u201cniko od \u010dlanova Savjeta RTCG nije do sada javno iznio kritike na ra\u010dun prezentovanog istra\u017eivanja iz decembra 2018. godine i obmanjivanja javnosti\u201d.<\/p>\n<p>Media centar preporu\u010duje Savjetu RTCG \u201cda postavi cilj menad\u017ementu RTCG da nacionalni medijski javni servis\u00a0 bude prvi masovni medij u zemlji po povjerenju i da precizno oro\u010di dostizanje toga cilja\u201d.<\/p>\n","protected":false},"excerpt":{"rendered":"<p>\u201cGeneralni direktor (Bo\u017eidar) \u0160undi\u0107 je iznio neistinite konstatacije prilikom predstavljanja istra\u017eivanja iz decembra 2018. godine, da je istra\u017eivanje pokazalo da je RTCG na pravom putu, \u2018da je informativno-politi\u010dki program dobar\u201d,\u00a0 \u201cide uzlaznom linijom\u201d\u00a0 i zbog toga treba da bude razrije\u0161en du\u017enosti\u201d, konstatovano je u analizi Media centra<\/p>\n","protected":false},"author":1,"featured_media":0,"comment_status":"open","ping_status":"closed","sticky":false,"template":"","format":"standard","meta":{"_seopress_robots_primary_cat":"","_seopress_titles_title":"","_seopress_titles_desc":"","_seopress_robots_index":"","_et_pb_use_builder":"","_et_pb_old_content":"","_et_gb_content_width":"","inline_featured_image":false,"footnotes":""},"categories":[14,12],"tags":[],"class_list":["post-259553","post","type-post","status-publish","format-standard","hentry","category-vijesti","category-prica-dana"],"_links":{"self":[{"href":"https:\/\/www.pcnen.com\/portal\/wp-json\/wp\/v2\/posts\/259553","targetHints":{"allow":["GET"]}}],"collection":[{"href":"https:\/\/www.pcnen.com\/portal\/wp-json\/wp\/v2\/posts"}],"about":[{"href":"https:\/\/www.pcnen.com\/portal\/wp-json\/wp\/v2\/types\/post"}],"author":[{"embeddable":true,"href":"https:\/\/www.pcnen.com\/portal\/wp-json\/wp\/v2\/users\/1"}],"replies":[{"embeddable":true,"href":"https:\/\/www.pcnen.com\/portal\/wp-json\/wp\/v2\/comments?post=259553"}],"version-history":[{"count":1,"href":"https:\/\/www.pcnen.com\/portal\/wp-json\/wp\/v2\/posts\/259553\/revisions"}],"predecessor-version":[{"id":285312,"href":"https:\/\/www.pcnen.com\/portal\/wp-json\/wp\/v2\/posts\/259553\/revisions\/285312"}],"wp:attachment":[{"href":"https:\/\/www.pcnen.com\/portal\/wp-json\/wp\/v2\/media?parent=259553"}],"wp:term":[{"taxonomy":"category","embeddable":true,"href":"https:\/\/www.pcnen.com\/portal\/wp-json\/wp\/v2\/categories?post=259553"},{"taxonomy":"post_tag","embeddable":true,"href":"https:\/\/www.pcnen.com\/portal\/wp-json\/wp\/v2\/tags?post=259553"}],"curies":[{"name":"wp","href":"https:\/\/api.w.org\/{rel}","templated":true}]}}