{"id":259529,"date":"2019-01-12T00:04:53","date_gmt":"2019-01-11T23:04:53","guid":{"rendered":"http:\/\/www.pcnen.com\/portal\/?p=259529"},"modified":"2019-01-12T00:04:53","modified_gmt":"2019-01-11T23:04:53","slug":"nova-knezeviceva-poruka-nas-tri-brata-skupa-ratujemo","status":"publish","type":"post","link":"https:\/\/www.pcnen.com\/portal\/2019\/01\/12\/nova-knezeviceva-poruka-nas-tri-brata-skupa-ratujemo\/","title":{"rendered":"Nova Kne\u017eevi\u0107eva poruka: &#8216;Nas tri brata skupa ratujemo&#8230;&#8217;"},"content":{"rendered":"<div id=\"attachment_259530\" style=\"width: 310px\" class=\"wp-caption alignright\"><a href=\"https:\/\/www.instagram.com\/p\/Bsgveixnr1D\/\"><img loading=\"lazy\" decoding=\"async\" aria-describedby=\"caption-attachment-259530\" class=\"size-medium wp-image-259530\" src=\"http:\/\/www.pcnen.com\/portal\/wp-content\/uploads\/2019\/01\/Djukanovic-Knezevic-marovic-300x220.jpg\" alt=\"\" width=\"300\" height=\"220\" srcset=\"https:\/\/www.pcnen.com\/portal\/wp-content\/uploads\/2019\/01\/Djukanovic-Knezevic-marovic-300x220.jpg 300w, https:\/\/www.pcnen.com\/portal\/wp-content\/uploads\/2019\/01\/Djukanovic-Knezevic-marovic-235x173.jpg 235w, https:\/\/www.pcnen.com\/portal\/wp-content\/uploads\/2019\/01\/Djukanovic-Knezevic-marovic-75x55.jpg 75w, https:\/\/www.pcnen.com\/portal\/wp-content\/uploads\/2019\/01\/Djukanovic-Knezevic-marovic.jpg 350w, https:\/\/www.pcnen.com\/portal\/wp-content\/uploads\/2019\/01\/Djukanovic-Knezevic-marovic-220x162.jpg 220w, https:\/\/www.pcnen.com\/portal\/wp-content\/uploads\/2019\/01\/Djukanovic-Knezevic-marovic-90x65.jpg 90w\" sizes=\"(max-width: 300px) 100vw, 300px\" \/><\/a><p id=\"caption-attachment-259530\" class=\"wp-caption-text\">Foto: Instagram<\/p><\/div>\n<p>Du\u0161ko Kne\u017eevi\u0107, predsjednik Atlas grupe, koji je osumnji\u010den za pranje novca i nelegalno poslovanje, postavio je novu seriju fotografija pod naslovom &#8220;Bilo jednom u Crnoj Gori&#8221; na svom instagram profilu, kojima u \u0161iframa komunicira sa javno\u0161\u0107u i svojim doskora\u0161njim prijateljeljima iz vrha crnogorske vlasti.<\/p>\n<p>&#8220;Nas 3 brata skupa ratujemo, ne plac&#8230;&#8221; natpis je preko fotografije u kojoj je Kne\u017eevi\u0107 okru\u017een Milom \u0110ukanovi\u0107em, aktuelnim predsjednikom Crne Gore i liderom vladaju\u0107e Demokratske partije socijalista, i Svetozarom Marovi\u0107em, nekada drugim \u010dovjekom DPS-a i pravosna\u017eno osu\u0111enim vo\u0111om kriminalne grupe koji se od crnogorsjkog pravosu\u0111a skriva u Beogradu.<\/p>\n<p>Portal IN4S je objavio snimak na kome Kne\u017eevi\u0107 <a href=\"http:\/\/www.pcnen.com\/portal\/2019\/01\/11\/in4s-stijepovic-uzeo-licno-novac-od-knezevica\/\">daje koverat sa novcem<\/a> nekada\u0161njem gradona\u010delniku Podgorice Slavoljubu Stijepovi\u0107u, a sam Kne\u017eevi\u0107 je za Vijesti kazao da je dugogodi\u0161nji donator DPS-a.<\/p>\n<p>&nbsp;<\/p>\n","protected":false},"excerpt":{"rendered":"<p>Du\u0161ko Kne\u017eevi\u0107, predsjednik Atlas grupe, koji je osumnji\u010den za pranje novca i nelegalno poslovanje, postavio je novu seriju fotografija pod naslovom &#8220;Bilo jednom u Crnoj Gori&#8221; na svom instagram profilu, kojima u \u0161iframa komunicira sa javno\u0161\u0107u i svojim doskora\u0161njim prijateljeljima iz vrha crnogorske vlasti. &#8220;Nas 3 brata skupa ratujemo, ne plac&#8230;&#8221; natpis je preko fotografije [&hellip;]<\/p>\n","protected":false},"author":1,"featured_media":259530,"comment_status":"open","ping_status":"closed","sticky":false,"template":"","format":"standard","meta":{"_seopress_robots_primary_cat":"","_seopress_titles_title":"","_seopress_titles_desc":"","_seopress_robots_index":"","_et_pb_use_builder":"","_et_pb_old_content":"","_et_gb_content_width":"","inline_featured_image":false,"footnotes":""},"categories":[14],"tags":[],"class_list":["post-259529","post","type-post","status-publish","format-standard","has-post-thumbnail","hentry","category-vijesti"],"_links":{"self":[{"href":"https:\/\/www.pcnen.com\/portal\/wp-json\/wp\/v2\/posts\/259529","targetHints":{"allow":["GET"]}}],"collection":[{"href":"https:\/\/www.pcnen.com\/portal\/wp-json\/wp\/v2\/posts"}],"about":[{"href":"https:\/\/www.pcnen.com\/portal\/wp-json\/wp\/v2\/types\/post"}],"author":[{"embeddable":true,"href":"https:\/\/www.pcnen.com\/portal\/wp-json\/wp\/v2\/users\/1"}],"replies":[{"embeddable":true,"href":"https:\/\/www.pcnen.com\/portal\/wp-json\/wp\/v2\/comments?post=259529"}],"version-history":[{"count":0,"href":"https:\/\/www.pcnen.com\/portal\/wp-json\/wp\/v2\/posts\/259529\/revisions"}],"wp:featuredmedia":[{"embeddable":true,"href":"https:\/\/www.pcnen.com\/portal\/wp-json\/wp\/v2\/media\/259530"}],"wp:attachment":[{"href":"https:\/\/www.pcnen.com\/portal\/wp-json\/wp\/v2\/media?parent=259529"}],"wp:term":[{"taxonomy":"category","embeddable":true,"href":"https:\/\/www.pcnen.com\/portal\/wp-json\/wp\/v2\/categories?post=259529"},{"taxonomy":"post_tag","embeddable":true,"href":"https:\/\/www.pcnen.com\/portal\/wp-json\/wp\/v2\/tags?post=259529"}],"curies":[{"name":"wp","href":"https:\/\/api.w.org\/{rel}","templated":true}]}}