{"id":259496,"date":"2019-01-11T13:24:48","date_gmt":"2019-01-11T12:24:48","guid":{"rendered":"http:\/\/www.pcnen.com\/portal\/?p=259496"},"modified":"2019-01-11T16:16:13","modified_gmt":"2019-01-11T15:16:13","slug":"osnovan-fond-za-pravnu-pomoc-asanzu","status":"publish","type":"post","link":"https:\/\/www.pcnen.com\/portal\/2019\/01\/11\/osnovan-fond-za-pravnu-pomoc-asanzu\/","title":{"rendered":"Osnovan fond za pravnu pomo\u0107 Asan\u017eu"},"content":{"rendered":"<p><img loading=\"lazy\" decoding=\"async\" src=\"http:\/\/www.pcnen.com\/portal\/wp-content\/uploads\/2012\/06\/Dzulian_Asandz.jpg\" alt=\"\" width=\"263\" height=\"192\" class=\"alignright size-full wp-image-86742\" \/>Britanska humanitarna organizacija koja poma\u017ee uzbunjiva\u010dima \u0161irom svijeta je osnovala fond za pravnu pomo\u0107 osniva\u010du Vikiliksa D\u017eulijanu Asan\u017eu, upozoriv\u0161i da je njegovo izbacivanje iz ambasade Ekvadora u Londonu &#8220;pitanje dana&#8221;.<\/p>\n<p>Fondacija Karid\u017e je saop\u0161tila da je polo\u017eaj Asan\u017ea u ambasadi, u kojoj \u017eivi od 2012. godine, sve te\u017ei i u opasnosti je od izbacivanja.<\/p>\n<p>&#8220;Procesuiranje Asan\u017ea zbog objavljivanja dokumenata predstavlja napad na slobodu medija, a njegovoj odbrani bi\u0107e potrebne pristalice i podr\u0161ka \u0161irom svijeta&#8221;, saop\u0161tila je Fondacija.<\/p>\n<p>Predsjednik Ekvadora Lenjin Moreno je rekao pro\u0161log mjeseca da je otvoren put za Asan\u017ea da donese odluku da napusti ambasadu. Moreno je naveo da je Britanija garantovala da Asan\u017e ne\u0107e biti izru\u010den nijednoj zemlji u kojoj mu je \u017eivot ugro\u017een, prenosi Srna.<\/p>\n<p>Ekvador ve\u0107 nekoliko mjeseci poku\u0161ava da izbaci Asan\u017ea iz ambasade zbog sve lo\u0161ijih odnosa sa svojim gostom, koji je nedavno tu\u017eio ovu zemlju zbog ograni\u010denja pristupa internetu.<\/p>\n<p>Asan\u017e strahuje da \u0107e ga Britanija izru\u010diti SAD. Va\u0161ington tra\u017ei Asan\u017ea zbog objavljivanja vi\u0161e hiljada tajnih diplomatskih depe\u0161a Stejt departmenta i Pentagona 2010. godine.<\/p>\n","protected":false},"excerpt":{"rendered":"<p>Britanska humanitarna organizacija koja poma\u017ee uzbunjiva\u010dima \u0161irom svijeta je osnovala fond za pravnu pomo\u0107 osniva\u010du Vikiliksa D\u017eulijanu Asan\u017eu, upozoriv\u0161i da je njegovo izbacivanje iz ambasade Ekvadora u Londonu &#8220;pitanje dana&#8221;. Fondacija Karid\u017e je saop\u0161tila da je polo\u017eaj Asan\u017ea u ambasadi, u kojoj \u017eivi od 2012. godine, sve te\u017ei i u opasnosti je od izbacivanja. &#8220;Procesuiranje [&hellip;]<\/p>\n","protected":false},"author":1,"featured_media":0,"comment_status":"open","ping_status":"closed","sticky":false,"template":"","format":"standard","meta":{"_seopress_robots_primary_cat":"","_seopress_titles_title":"","_seopress_titles_desc":"","_seopress_robots_index":"","_et_pb_use_builder":"","_et_pb_old_content":"","_et_gb_content_width":"","inline_featured_image":false,"footnotes":""},"categories":[14,12],"tags":[],"class_list":["post-259496","post","type-post","status-publish","format-standard","hentry","category-vijesti","category-prica-dana"],"_links":{"self":[{"href":"https:\/\/www.pcnen.com\/portal\/wp-json\/wp\/v2\/posts\/259496","targetHints":{"allow":["GET"]}}],"collection":[{"href":"https:\/\/www.pcnen.com\/portal\/wp-json\/wp\/v2\/posts"}],"about":[{"href":"https:\/\/www.pcnen.com\/portal\/wp-json\/wp\/v2\/types\/post"}],"author":[{"embeddable":true,"href":"https:\/\/www.pcnen.com\/portal\/wp-json\/wp\/v2\/users\/1"}],"replies":[{"embeddable":true,"href":"https:\/\/www.pcnen.com\/portal\/wp-json\/wp\/v2\/comments?post=259496"}],"version-history":[{"count":0,"href":"https:\/\/www.pcnen.com\/portal\/wp-json\/wp\/v2\/posts\/259496\/revisions"}],"wp:attachment":[{"href":"https:\/\/www.pcnen.com\/portal\/wp-json\/wp\/v2\/media?parent=259496"}],"wp:term":[{"taxonomy":"category","embeddable":true,"href":"https:\/\/www.pcnen.com\/portal\/wp-json\/wp\/v2\/categories?post=259496"},{"taxonomy":"post_tag","embeddable":true,"href":"https:\/\/www.pcnen.com\/portal\/wp-json\/wp\/v2\/tags?post=259496"}],"curies":[{"name":"wp","href":"https:\/\/api.w.org\/{rel}","templated":true}]}}