{"id":259484,"date":"2019-01-11T09:19:11","date_gmt":"2019-01-11T08:19:11","guid":{"rendered":"http:\/\/www.pcnen.com\/portal\/?p=259484"},"modified":"2019-01-11T09:19:11","modified_gmt":"2019-01-11T08:19:11","slug":"%d0%banezevic-dukanovic-i-kriminalni-klanovi-hoce-da-mi-otmu-imovinu","status":"publish","type":"post","link":"https:\/\/www.pcnen.com\/portal\/2019\/01\/11\/%d0%banezevic-dukanovic-i-kriminalni-klanovi-hoce-da-mi-otmu-imovinu\/","title":{"rendered":"\u041ane\u017eevi\u0107: \u0110ukanovi\u0107 i kriminalni klanovi ho\u0107e da mi otmu imovinu"},"content":{"rendered":"<div id=\"attachment_259485\" style=\"width: 310px\" class=\"wp-caption alignright\"><img loading=\"lazy\" decoding=\"async\" aria-describedby=\"caption-attachment-259485\" class=\"size-medium wp-image-259485\" src=\"http:\/\/www.pcnen.com\/portal\/wp-content\/uploads\/2019\/01\/Djukanovic-Knezevic-300x285.jpg\" alt=\"\" width=\"300\" height=\"285\" \/><p id=\"caption-attachment-259485\" class=\"wp-caption-text\">Foto: Instagram.com<\/p><\/div>\n<p>Predsjednik Atlas grupe Du\u0161ko \u041ane\u017eevi\u0107 je direktno optu\u017eio Mila \u0110ukanovi\u0107a, predsjednika Crne Gore i lidera vladaju\u0107e Demokratske partije socijalista, da zajedno sa \u201ckriminalnim klanovima\u201c poku\u0161ava da otme njegovu imovinu i poslove.<\/p>\n<p>\u201c\u0110ukanovi\u0107 je prekinuo komunikaciji sa mnom poslije ulaska Centralne banke u dvije moje banke&#8221;, kazao je \u041ane\u017eevi\u0107 za Vijesti, navode\u0107i da su njih dvojica ranije imali obi\u010daj da pretresu va\u017ene i \u0161kakljive teme.<\/p>\n<p>On je otkrio i da dobija ponude da do\u0111e u Crnu Goru i da se \u201cprijateljski sve dogovorimo\u201d.<\/p>\n<p>Kne\u017eevi\u0107 je osumnji\u010den da je prao novac preko svojih banaka i za nelegalno poslovanje i Specijalnodr\u017eavno tu\u017eila\u0161tvo je zatra\u017eilo njegovo hap\u0161enje, a ovih dana najavilo i raspisivanje potjernice.<\/p>\n<p>Kne\u017eevi\u0107 se nalazi u inostranstvu i svakodnevno na <a href=\"https:\/\/www.instagram.com\/dkatlas\/\">svom instagram profilu<\/a> postoje intrigantne fotografije, kojima sugeri\u0161e da je nekada bio blizak sa Milom \u0110ukanovi\u0107em i drugim osobama iz vrha vlasti i indirektno ih upozorava da zna mnogo.<\/p>\n","protected":false},"excerpt":{"rendered":"<p>\u201c\u0110ukanovi\u0107 je prekinuo komunikaciji sa mnom poslije ulaska Centralne banke u dvije moje banke&#8221;<\/p>\n","protected":false},"author":1,"featured_media":0,"comment_status":"open","ping_status":"closed","sticky":false,"template":"","format":"standard","meta":{"_seopress_robots_primary_cat":"","_seopress_titles_title":"","_seopress_titles_desc":"","_seopress_robots_index":"","_et_pb_use_builder":"","_et_pb_old_content":"","_et_gb_content_width":"","inline_featured_image":false,"footnotes":""},"categories":[14,12],"tags":[],"class_list":["post-259484","post","type-post","status-publish","format-standard","hentry","category-vijesti","category-prica-dana"],"_links":{"self":[{"href":"https:\/\/www.pcnen.com\/portal\/wp-json\/wp\/v2\/posts\/259484","targetHints":{"allow":["GET"]}}],"collection":[{"href":"https:\/\/www.pcnen.com\/portal\/wp-json\/wp\/v2\/posts"}],"about":[{"href":"https:\/\/www.pcnen.com\/portal\/wp-json\/wp\/v2\/types\/post"}],"author":[{"embeddable":true,"href":"https:\/\/www.pcnen.com\/portal\/wp-json\/wp\/v2\/users\/1"}],"replies":[{"embeddable":true,"href":"https:\/\/www.pcnen.com\/portal\/wp-json\/wp\/v2\/comments?post=259484"}],"version-history":[{"count":0,"href":"https:\/\/www.pcnen.com\/portal\/wp-json\/wp\/v2\/posts\/259484\/revisions"}],"wp:attachment":[{"href":"https:\/\/www.pcnen.com\/portal\/wp-json\/wp\/v2\/media?parent=259484"}],"wp:term":[{"taxonomy":"category","embeddable":true,"href":"https:\/\/www.pcnen.com\/portal\/wp-json\/wp\/v2\/categories?post=259484"},{"taxonomy":"post_tag","embeddable":true,"href":"https:\/\/www.pcnen.com\/portal\/wp-json\/wp\/v2\/tags?post=259484"}],"curies":[{"name":"wp","href":"https:\/\/api.w.org\/{rel}","templated":true}]}}