{"id":259467,"date":"2019-01-10T21:35:37","date_gmt":"2019-01-10T20:35:37","guid":{"rendered":"http:\/\/www.pcnen.com\/portal\/?p=259467"},"modified":"2019-01-10T22:40:21","modified_gmt":"2019-01-10T21:40:21","slug":"slab-snijeg-ponegdje-ujutrou-na-sjeveru-cg","status":"publish","type":"post","link":"https:\/\/www.pcnen.com\/portal\/2019\/01\/10\/slab-snijeg-ponegdje-ujutrou-na-sjeveru-cg\/","title":{"rendered":"Slab snijeg ponegdje ujutro na sjeveru CG"},"content":{"rendered":"<p><img loading=\"lazy\" decoding=\"async\" class=\"alignright size-medium wp-image-195632\" src=\"http:\/\/www.pcnen.com\/portal\/wp-content\/uploads\/2015\/12\/motorne-sanke-300x201.png\" alt=\"\" width=\"300\" height=\"201\" \/>Na sjeveru Crne Gore bi\u0107e umjereno do potpuno obla\u010dno, a slab snijeg provijava\u0107e ponegdje tokom jutra.<\/p>\n<p>U ju\u017enim i centralnim djelovima zamlje bi\u0107e prete\u017eno sun\u010dano ili malo do umjereno obla\u010dno.<\/p>\n<p>Vjetar \u0107e duvati sa sjevera i bi\u0107e mjestimi\u010dno umjeren do poja\u010dan.<\/p>\n<p>Jutarnja temperatura vazduha bi\u0107e u rasponu od -10 do 3, a najvi\u0161a dnevna od -7 do 9 stepeni.<\/p>\n<p>U Podgorici \u0107e ujutru biti malo ili umjereno obla\u010dno, a tokom dana prete\u017eno sun\u010dano. Sjeveroisto\u010dnjak \u0107e uglavnom biti slab do umjeren. Jutarnja temperatura vazduha bi\u0107e oko 0, a najvi\u0161a dnevna do 6 stepeni.<\/p>\n<p><a href=\"http:\/\/www.meteo.co.me\/misc.php?text=121&amp;sektor=1&amp;grad=AND\">Prognoza za ostale gradove.<\/a><\/p>\n","protected":false},"excerpt":{"rendered":"<p>U ju\u017enim i centralnim djelovima zamlje bi\u0107e prete\u017eno sun\u010dano<\/p>\n","protected":false},"author":1,"featured_media":0,"comment_status":"open","ping_status":"closed","sticky":false,"template":"","format":"standard","meta":{"_seopress_robots_primary_cat":"","_seopress_titles_title":"","_seopress_titles_desc":"","_seopress_robots_index":"","_et_pb_use_builder":"","_et_pb_old_content":"","_et_gb_content_width":"","inline_featured_image":false,"footnotes":""},"categories":[14,12],"tags":[],"class_list":["post-259467","post","type-post","status-publish","format-standard","hentry","category-vijesti","category-prica-dana"],"_links":{"self":[{"href":"https:\/\/www.pcnen.com\/portal\/wp-json\/wp\/v2\/posts\/259467","targetHints":{"allow":["GET"]}}],"collection":[{"href":"https:\/\/www.pcnen.com\/portal\/wp-json\/wp\/v2\/posts"}],"about":[{"href":"https:\/\/www.pcnen.com\/portal\/wp-json\/wp\/v2\/types\/post"}],"author":[{"embeddable":true,"href":"https:\/\/www.pcnen.com\/portal\/wp-json\/wp\/v2\/users\/1"}],"replies":[{"embeddable":true,"href":"https:\/\/www.pcnen.com\/portal\/wp-json\/wp\/v2\/comments?post=259467"}],"version-history":[{"count":0,"href":"https:\/\/www.pcnen.com\/portal\/wp-json\/wp\/v2\/posts\/259467\/revisions"}],"wp:attachment":[{"href":"https:\/\/www.pcnen.com\/portal\/wp-json\/wp\/v2\/media?parent=259467"}],"wp:term":[{"taxonomy":"category","embeddable":true,"href":"https:\/\/www.pcnen.com\/portal\/wp-json\/wp\/v2\/categories?post=259467"},{"taxonomy":"post_tag","embeddable":true,"href":"https:\/\/www.pcnen.com\/portal\/wp-json\/wp\/v2\/tags?post=259467"}],"curies":[{"name":"wp","href":"https:\/\/api.w.org\/{rel}","templated":true}]}}