{"id":259460,"date":"2019-01-10T17:43:19","date_gmt":"2019-01-10T16:43:19","guid":{"rendered":"http:\/\/www.pcnen.com\/portal\/?p=259460"},"modified":"2019-01-10T17:54:23","modified_gmt":"2019-01-10T16:54:23","slug":"azerbejdzanska-novinarka-pobijedila-drzavu-u-strazburu","status":"publish","type":"post","link":"https:\/\/www.pcnen.com\/portal\/2019\/01\/10\/azerbejdzanska-novinarka-pobijedila-drzavu-u-strazburu\/","title":{"rendered":"Azerbejd\u017eanska novinarka pobijedila dr\u017eavu u Strazburu"},"content":{"rendered":"<p><img loading=\"lazy\" decoding=\"async\" class=\"alignright size-medium wp-image-256205\" src=\"http:\/\/www.pcnen.com\/portal\/wp-content\/uploads\/2018\/11\/Sud-u-Strazburu-300x114.png\" alt=\"\" width=\"300\" height=\"114\" \/>Vije\u0107e Evropskog suda za ljudska prava u Strazburu je jednoglasno <a href=\"https:\/\/hudoc.echr.coe.int\/eng#{%22itemid%22:[%22001-188993%22]}\">utvrdilo povrede prava<\/a> na privatnost i prava na slobodu izra\u017eavanja u slu\u010daju poznate novinarke iz Azerbejd\u017eana Kadije Ismajilove,<a href=\"http:\/\/www.hraction.org\/2019\/01\/10\/10-1-2019-novinarka-kadija-ismajilova-pobijedila-azerbejdzan-pred-evropskim-sudom-za-ljudska-prava\/\"> saop\u0161tila je Akcija za ljudska prava (HRA)<\/a>, nevladina organizacija iz Podgorice.<\/p>\n<p>Povreda \u010dlana 8 Konvencije utvr\u0111ena je zbog propusta domac\u0301ih vlasti da djelotvorno istra\u017ee \u201cveoma ozbiljne upade u privatni \u017eivot podnositeljke predstavke\u201d i zbog toga \u0161to su privatne informacije o njoj objavljene u zvani\u010dnom izvje\u0161taju o toku istrage. Povreda \u010dlana 10 Konvencije je utvr\u0111ena zbog propusta dr\u017eave da ispuni pozitivnu obavezu da za\u0161titi novinarku u u\u017eivanju njene slobode izra\u017eavanja, prenijela je HRA.<\/p>\n<p>HRA podsje\u0107a na to da se slu\u010daj ticao prljave kampanje protiv poznate azerbejd\u017eanske novinarke Kadije Ismajilove, kojoj je prvo poslato pismo u kojem joj je zaprije\u0107eno javnim poni\u017eenjem ako ne prekine sa istra\u017eiva\u010dkim novinarstvom, a zatim je, po\u0161to je ona to odbila da u\u010dini, na internet postavljen snimak seksualnog odnosa snimljen bez njenog znanja i znanja njenog tada\u0161njeg partnera. Otprilike u isto vrijeme, mediji bliski vlasti su po\u010deli da je optu\u017euju za pristrasnost protiv vlasti i nemoralno pona\u0161anje.<\/p>\n<p>Ismajilova je kasnije otkrila da su skrivene kamere bile postavljene \u0161irom njenog stana, navodi HRA.<\/p>\n<p>Podnositeljki predstavke je dosu\u0111eno 15.000 eura na ime naknade nematerijalne \u0161tete i 1.750 eura tro\u0161kova postupka. Presuda \u0107e postati pravosna\u017ena ako u roku od tri mjeseca ne bude upu\u0107ena u nadle\u017enost Velikog vije\u0107a.<\/p>\n<p>HRA u saradnji sa<a href=\"https:\/\/www.facebook.com\/adamas.me\/\"> NVO Adamas<\/a>, koja okuplja studentkinje i studente Pravnog fakulteta Univerziteta Crne Gore, prati dono\u0161enje presuda Evropskog suda za ljudska prava. Radi se o volonterskom projektu ovih nevladinih organizacija.<\/p>\n","protected":false},"excerpt":{"rendered":"<p>Kadija Ismajilova je dokazala da dr\u017eava nije ispunila pozitivnu obavezu da je za\u0161titi  u u\u017eivanju slobode izra\u017eavanja<\/p>\n","protected":false},"author":1,"featured_media":0,"comment_status":"open","ping_status":"closed","sticky":false,"template":"","format":"standard","meta":{"_seopress_robots_primary_cat":"","_seopress_titles_title":"","_seopress_titles_desc":"","_seopress_robots_index":"","_et_pb_use_builder":"","_et_pb_old_content":"","_et_gb_content_width":"","inline_featured_image":false,"footnotes":""},"categories":[14,12],"tags":[],"class_list":["post-259460","post","type-post","status-publish","format-standard","hentry","category-vijesti","category-prica-dana"],"_links":{"self":[{"href":"https:\/\/www.pcnen.com\/portal\/wp-json\/wp\/v2\/posts\/259460","targetHints":{"allow":["GET"]}}],"collection":[{"href":"https:\/\/www.pcnen.com\/portal\/wp-json\/wp\/v2\/posts"}],"about":[{"href":"https:\/\/www.pcnen.com\/portal\/wp-json\/wp\/v2\/types\/post"}],"author":[{"embeddable":true,"href":"https:\/\/www.pcnen.com\/portal\/wp-json\/wp\/v2\/users\/1"}],"replies":[{"embeddable":true,"href":"https:\/\/www.pcnen.com\/portal\/wp-json\/wp\/v2\/comments?post=259460"}],"version-history":[{"count":0,"href":"https:\/\/www.pcnen.com\/portal\/wp-json\/wp\/v2\/posts\/259460\/revisions"}],"wp:attachment":[{"href":"https:\/\/www.pcnen.com\/portal\/wp-json\/wp\/v2\/media?parent=259460"}],"wp:term":[{"taxonomy":"category","embeddable":true,"href":"https:\/\/www.pcnen.com\/portal\/wp-json\/wp\/v2\/categories?post=259460"},{"taxonomy":"post_tag","embeddable":true,"href":"https:\/\/www.pcnen.com\/portal\/wp-json\/wp\/v2\/tags?post=259460"}],"curies":[{"name":"wp","href":"https:\/\/api.w.org\/{rel}","templated":true}]}}