{"id":259445,"date":"2019-01-10T12:32:44","date_gmt":"2019-01-10T11:32:44","guid":{"rendered":"http:\/\/www.pcnen.com\/portal\/?p=259445"},"modified":"2019-01-10T12:35:00","modified_gmt":"2019-01-10T11:35:00","slug":"sad-i-rusija-ukljuceni-u-postizanje-sporazuma-beograda-i-pristine","status":"publish","type":"post","link":"https:\/\/www.pcnen.com\/portal\/2019\/01\/10\/sad-i-rusija-ukljuceni-u-postizanje-sporazuma-beograda-i-pristine\/","title":{"rendered":"SAD i Rusija uklju\u010deni u postizanje sporazuma Beograda i Pri\u0161tine"},"content":{"rendered":"<p><img loading=\"lazy\" decoding=\"async\" class=\"alignright size-medium wp-image-257677\" src=\"http:\/\/www.pcnen.com\/portal\/wp-content\/uploads\/2018\/12\/Vucic-Taci-300x212.jpg\" alt=\"\" width=\"300\" height=\"212\" srcset=\"https:\/\/www.pcnen.com\/portal\/wp-content\/uploads\/2018\/12\/Vucic-Taci.jpg 300w, https:\/\/www.pcnen.com\/portal\/wp-content\/uploads\/2018\/12\/Vucic-Taci-235x166.jpg 235w, https:\/\/www.pcnen.com\/portal\/wp-content\/uploads\/2018\/12\/Vucic-Taci-75x53.jpg 75w, https:\/\/www.pcnen.com\/portal\/wp-content\/uploads\/2018\/12\/Vucic-Taci-220x155.jpg 220w, https:\/\/www.pcnen.com\/portal\/wp-content\/uploads\/2018\/12\/Vucic-Taci-90x65.jpg 90w\" sizes=\"(max-width: 300px) 100vw, 300px\" \/>Predsjednik SAD Donald Tramp priprema ceremoniju potpisivanja sporazuma o normalizaciji odnosa izme\u0111u predsjednika Kosova Ha\u0161ima Ta\u010dija i Srbije Aleksandra Vu\u010di\u0107a, pi\u0161e danas pri\u0161tinski list Koha ditore, prenosi Beta.<\/p>\n<p>Ovome je prethodio susret predsjednika Ta\u010dija sa ameri\u010dkim ambasadorom Ri\u010dardom Grenelom u Berlinu, o kojem javnost nije informisana, kao ni pregovara\u010dka ekipa i Vlada Kosova, dodaje Koha.<\/p>\n<p>Poznavaoci tog procesa ocjenjuju da je do uklju\u010divanja SAD i Rusije u postizanju sporazuma do\u0161lo zbog slo\u017eenog procesa dijaloga.<\/p>\n<p>\u201cImaju\u0107i u vidu slo\u017eenost procesa postizanja sveobuhvatnog sporazuma izme\u0111u Kosova i Srbije, ovo je pitanje postala tema u okviru diplomatija SAD i Rusije\u201c, kazao je za dnevnik politolog Krenar \u0160alja.<\/p>\n<p>Me\u0111utim, prema njegovim rije\u010dima, to ne zna\u010di da pregovara\u010dke ekipe obje strane ne\u0107e imati uticaja u procesu.<\/p>\n<p>\u0160alja isti\u010de da su \u0161anse za postizanje sporazuma ravne nuli, ako se te velike sile ne dogovore.<\/p>\n<p>U decembru pro\u0161le godine predsjednik SAD Tramp je uputio pisma predsjednicima Kosova i Srbije i istakao mogu\u0107nost da se sa Ta\u010dijem i Vu\u010di\u0107em sastane u Bijeloj ku\u0107i u slu\u010daju da postignu dogovor.<\/p>\n","protected":false},"excerpt":{"rendered":"<p>Predsjednik SAD Donald Tramp priprema ceremoniju potpisivanja sporazuma o normalizaciji odnosa izme\u0111u predsjednika Kosova Ha\u0161ima Ta\u010dija i Srbije Aleksandra Vu\u010di\u0107a, pi\u0161e danas pri\u0161tinski list Koha ditore, prenosi Beta. Ovome je prethodio susret predsjednika Ta\u010dija sa ameri\u010dkim ambasadorom Ri\u010dardom Grenelom u Berlinu, o kojem javnost nije informisana, kao ni pregovara\u010dka ekipa i Vlada Kosova, dodaje Koha. [&hellip;]<\/p>\n","protected":false},"author":1,"featured_media":257677,"comment_status":"open","ping_status":"closed","sticky":false,"template":"","format":"standard","meta":{"_seopress_robots_primary_cat":"","_seopress_titles_title":"","_seopress_titles_desc":"","_seopress_robots_index":"","_et_pb_use_builder":"","_et_pb_old_content":"","_et_gb_content_width":"","inline_featured_image":false,"footnotes":""},"categories":[14,12],"tags":[],"class_list":["post-259445","post","type-post","status-publish","format-standard","has-post-thumbnail","hentry","category-vijesti","category-prica-dana"],"_links":{"self":[{"href":"https:\/\/www.pcnen.com\/portal\/wp-json\/wp\/v2\/posts\/259445","targetHints":{"allow":["GET"]}}],"collection":[{"href":"https:\/\/www.pcnen.com\/portal\/wp-json\/wp\/v2\/posts"}],"about":[{"href":"https:\/\/www.pcnen.com\/portal\/wp-json\/wp\/v2\/types\/post"}],"author":[{"embeddable":true,"href":"https:\/\/www.pcnen.com\/portal\/wp-json\/wp\/v2\/users\/1"}],"replies":[{"embeddable":true,"href":"https:\/\/www.pcnen.com\/portal\/wp-json\/wp\/v2\/comments?post=259445"}],"version-history":[{"count":0,"href":"https:\/\/www.pcnen.com\/portal\/wp-json\/wp\/v2\/posts\/259445\/revisions"}],"wp:featuredmedia":[{"embeddable":true,"href":"https:\/\/www.pcnen.com\/portal\/wp-json\/wp\/v2\/media\/257677"}],"wp:attachment":[{"href":"https:\/\/www.pcnen.com\/portal\/wp-json\/wp\/v2\/media?parent=259445"}],"wp:term":[{"taxonomy":"category","embeddable":true,"href":"https:\/\/www.pcnen.com\/portal\/wp-json\/wp\/v2\/categories?post=259445"},{"taxonomy":"post_tag","embeddable":true,"href":"https:\/\/www.pcnen.com\/portal\/wp-json\/wp\/v2\/tags?post=259445"}],"curies":[{"name":"wp","href":"https:\/\/api.w.org\/{rel}","templated":true}]}}