{"id":259440,"date":"2019-01-10T11:08:07","date_gmt":"2019-01-10T10:08:07","guid":{"rendered":"http:\/\/www.pcnen.com\/portal\/?p=259440"},"modified":"2019-01-10T11:08:07","modified_gmt":"2019-01-10T10:08:07","slug":"kaznjena-skola-zbog-video-nadziranja-profesora","status":"publish","type":"post","link":"https:\/\/www.pcnen.com\/portal\/2019\/01\/10\/kaznjena-skola-zbog-video-nadziranja-profesora\/","title":{"rendered":"Ka\u017enjena \u0161kola zbog video nadziranja profesora"},"content":{"rendered":"<p><img loading=\"lazy\" decoding=\"async\" class=\"alignright size-medium wp-image-239860\" src=\"http:\/\/www.pcnen.com\/portal\/wp-content\/uploads\/2018\/01\/nadzor-kamera-300x234.jpg\" alt=\"\" width=\"300\" height=\"234\" \/>Direktor Srednje Elektrotehni\u010dke \u0161kole \u2018Vaso Aligrudi\u0107\u2019 iz Podgorice Veselin Pi\u0107uri\u0107 je nepravosna\u017eno osu\u0111en da je godinama nezakonito snimao profesore u kabinetima gdje se izvodi nastava, ali i u toaletu \u0161kole.<\/p>\n<p>Presuda je donesena po tu\u017ebi jedanaest biv\u0161ih i sada\u0161njih profesora te \u0161kole, kojoj je sada nalo\u017eeno da svakom profesoru isplati po hiljadu eura na ime naknade nematerijalne \u0161tete zbog povrede prava li\u010dnosti \u2013 prava na privatnost i prava na psihi\u010dki, odnosno du\u0161evni integritet, <a href=\"https:\/\/fosmedia.me\/infos\/drustvo\/fos-otkriva-direktor-elektrotehnicke-skole-veselin-picuric-godinama-nezakonito-snimao\">objavio je FOS portal.<\/a><\/p>\n<p>Pi\u0107uri\u0107 je naveo da prefosori godinama nijesu iznosili primjedbe na postavljeni video nadzor, dok su profesori kazali da niti jedna sjednica vije\u0107a nije pro\u0161la bez ukazivanja na nezakonitosti i povredu prava zbog postavljanja video nadzora.<\/p>\n","protected":false},"excerpt":{"rendered":"<p>Direktor Srednje Elektrotehni\u010dke \u0161kole \u2018Vaso Aligrudi\u0107\u2019 iz Podgorice Veselin Pi\u0107uri\u0107 je nepravosna\u017eno osu\u0111en da je godinama nezakonito snimao profesore u kabinetima gdje se izvodi nastava, ali i u toaletu \u0161kole. Presuda je donesena po tu\u017ebi jedanaest biv\u0161ih i sada\u0161njih profesora te \u0161kole, kojoj je sada nalo\u017eeno da svakom profesoru isplati po hiljadu eura na ime [&hellip;]<\/p>\n","protected":false},"author":1,"featured_media":0,"comment_status":"open","ping_status":"closed","sticky":false,"template":"","format":"standard","meta":{"_seopress_robots_primary_cat":"","_seopress_titles_title":"","_seopress_titles_desc":"","_seopress_robots_index":"","_et_pb_use_builder":"","_et_pb_old_content":"","_et_gb_content_width":"","inline_featured_image":false,"footnotes":""},"categories":[14,12],"tags":[],"class_list":["post-259440","post","type-post","status-publish","format-standard","hentry","category-vijesti","category-prica-dana"],"_links":{"self":[{"href":"https:\/\/www.pcnen.com\/portal\/wp-json\/wp\/v2\/posts\/259440","targetHints":{"allow":["GET"]}}],"collection":[{"href":"https:\/\/www.pcnen.com\/portal\/wp-json\/wp\/v2\/posts"}],"about":[{"href":"https:\/\/www.pcnen.com\/portal\/wp-json\/wp\/v2\/types\/post"}],"author":[{"embeddable":true,"href":"https:\/\/www.pcnen.com\/portal\/wp-json\/wp\/v2\/users\/1"}],"replies":[{"embeddable":true,"href":"https:\/\/www.pcnen.com\/portal\/wp-json\/wp\/v2\/comments?post=259440"}],"version-history":[{"count":0,"href":"https:\/\/www.pcnen.com\/portal\/wp-json\/wp\/v2\/posts\/259440\/revisions"}],"wp:attachment":[{"href":"https:\/\/www.pcnen.com\/portal\/wp-json\/wp\/v2\/media?parent=259440"}],"wp:term":[{"taxonomy":"category","embeddable":true,"href":"https:\/\/www.pcnen.com\/portal\/wp-json\/wp\/v2\/categories?post=259440"},{"taxonomy":"post_tag","embeddable":true,"href":"https:\/\/www.pcnen.com\/portal\/wp-json\/wp\/v2\/tags?post=259440"}],"curies":[{"name":"wp","href":"https:\/\/api.w.org\/{rel}","templated":true}]}}