{"id":259438,"date":"2019-01-10T10:38:23","date_gmt":"2019-01-10T09:38:23","guid":{"rendered":"http:\/\/www.pcnen.com\/portal\/?p=259438"},"modified":"2019-01-10T10:38:23","modified_gmt":"2019-01-10T09:38:23","slug":"zuti-prsluci-razmisljaju-o-jurisu-na-banke","status":"publish","type":"post","link":"https:\/\/www.pcnen.com\/portal\/2019\/01\/10\/zuti-prsluci-razmisljaju-o-jurisu-na-banke\/","title":{"rendered":"\u2018\u017duti prsluci\u2019 razmi\u0161ljaju o \u2018juri\u0161u na banke\u2019"},"content":{"rendered":"<p><img loading=\"lazy\" decoding=\"async\" class=\"wp-image-97694 alignleft\" src=\"http:\/\/www.pcnen.com\/portal\/wp-content\/uploads\/2012\/11\/banke-gubitak.jpg\" alt=\"\" width=\"183\" height=\"148\" \/>U obra\u010dunu sa predsjednikom Francuske Emanuelom Makronom, pokret \u2018\u017duti prsluci\u2019 najavljuje mogu\u0107nost &#8220;juri\u0161a na banke&#8221;, odnosno \u00a0masovno povla\u010denje novca iz banaka, prenose online mediji.<\/p>\n<p>\u2018\u017duti prsluci\u2019 ve\u0107 du\u017ee protestima u Parizu i drugim ve\u0107im francuskim gradovima nastoje da natjeraju francuske vlast <a href=\"http:\/\/www.pcnen.com\/portal\/2018\/12\/15\/zuti-prsluci-peti-put-biti-ili-ne-biti\/\">na reforme u korist \u0161irih slojeva dru\u0161tva.<\/a><\/p>\n","protected":false},"excerpt":{"rendered":"<p>U obra\u010dunu sa predsjednikom Francuske Emanuelom Makronom, pokret \u2018\u017duti prsluci\u2019 najavljuje mogu\u0107nost &#8220;juri\u0161a na banke&#8221;, odnosno \u00a0masovno povla\u010denje novca iz banaka, prenose online mediji. \u2018\u017duti prsluci\u2019 ve\u0107 du\u017ee protestima u Parizu i drugim ve\u0107im francuskim gradovima nastoje da natjeraju francuske vlast na reforme u korist \u0161irih slojeva dru\u0161tva.<\/p>\n","protected":false},"author":1,"featured_media":0,"comment_status":"open","ping_status":"closed","sticky":false,"template":"","format":"standard","meta":{"_seopress_robots_primary_cat":"","_seopress_titles_title":"","_seopress_titles_desc":"","_seopress_robots_index":"","_et_pb_use_builder":"","_et_pb_old_content":"","_et_gb_content_width":"","inline_featured_image":false,"footnotes":""},"categories":[14,12],"tags":[],"class_list":["post-259438","post","type-post","status-publish","format-standard","hentry","category-vijesti","category-prica-dana"],"_links":{"self":[{"href":"https:\/\/www.pcnen.com\/portal\/wp-json\/wp\/v2\/posts\/259438","targetHints":{"allow":["GET"]}}],"collection":[{"href":"https:\/\/www.pcnen.com\/portal\/wp-json\/wp\/v2\/posts"}],"about":[{"href":"https:\/\/www.pcnen.com\/portal\/wp-json\/wp\/v2\/types\/post"}],"author":[{"embeddable":true,"href":"https:\/\/www.pcnen.com\/portal\/wp-json\/wp\/v2\/users\/1"}],"replies":[{"embeddable":true,"href":"https:\/\/www.pcnen.com\/portal\/wp-json\/wp\/v2\/comments?post=259438"}],"version-history":[{"count":0,"href":"https:\/\/www.pcnen.com\/portal\/wp-json\/wp\/v2\/posts\/259438\/revisions"}],"wp:attachment":[{"href":"https:\/\/www.pcnen.com\/portal\/wp-json\/wp\/v2\/media?parent=259438"}],"wp:term":[{"taxonomy":"category","embeddable":true,"href":"https:\/\/www.pcnen.com\/portal\/wp-json\/wp\/v2\/categories?post=259438"},{"taxonomy":"post_tag","embeddable":true,"href":"https:\/\/www.pcnen.com\/portal\/wp-json\/wp\/v2\/tags?post=259438"}],"curies":[{"name":"wp","href":"https:\/\/api.w.org\/{rel}","templated":true}]}}