{"id":259345,"date":"2019-01-09T07:00:44","date_gmt":"2019-01-09T06:00:44","guid":{"rendered":"http:\/\/www.pcnen.com\/portal\/?p=259345"},"modified":"2019-01-08T10:58:53","modified_gmt":"2019-01-08T09:58:53","slug":"paznja-plavo-svijetlo-nije-zdravo","status":"publish","type":"post","link":"https:\/\/www.pcnen.com\/portal\/2019\/01\/09\/paznja-plavo-svijetlo-nije-zdravo\/","title":{"rendered":"Pa\u017enja, plavo svijetlo nije zdravo"},"content":{"rendered":"<p><img loading=\"lazy\" decoding=\"async\" class=\"alignright size-medium wp-image-192856\" src=\"http:\/\/www.pcnen.com\/portal\/wp-content\/uploads\/2015\/11\/plavo-oko-300x220.jpg\" alt=\"\" width=\"300\" height=\"220\" \/>Zra\u010denje pametnih telefona i tableta ima \u0161tetan u\u010dinak na ljude, pokazalo je istra\u017eivanje sprovedeno na Univerzitetu Toledo u \u0160paniji.<\/p>\n<p>Plavo svjietlo koje emituju pomenuti ure\u0111aji mo\u017ee pretvoriti molekule u o\u010dima u ubice \u0107elija, \u0161to mo\u017ee dovesti do <a href=\"https:\/\/sr.wikipedia.org\/sr-el\/Degeneracija_makule\">makularne degeneracije<\/a>, bolesti oka koja je vode\u0107i uzrok sljepo\u0107e.<\/p>\n<p>&#8220;Nije tajna da plavo svijetlo \u0161teti na\u0161em vidu tako \u0161to o\u0161te\u0107uje o\u010dnu retinu. Na\u0161i eksperimenti obja\u0161njavaju kako se to doga\u0111a i nadamo se da \u0107e to dovesti do terapija za usporavanje makularne degeneracije, poput nove vrste kapi za o\u010di&#8221;, kazao dr Ajit Karunaratne, profesor na odjeljenju za hemiju i biohemiju Univerziteta u Toledu, prenosi Index.hr.<\/p>\n<p>Plavo svijetlo izaziva odre\u0111enu hemijsku reakciju za koju Karunaratne ka\u017ee da je &#8220;toksi\u010dna&#8221; za fotoreceptorske \u0107elije oka. &#8220;Fotoreceptorske \u0107elije se ne regeneri\u0161u u o\u010dima. Kada su mrtve, zaista su mrtve&#8221;, objasnio je on.<\/p>\n<p>Istra\u017eivanje koje je sproveo Institut za globalno zdravlje iz Barcelone pokazalo je da plavo svjietlo mo\u017ee biti povezano s odre\u0111enim oblicima raka.<\/p>\n<p>&#8220;Postoje dokazi koji ukazuju na povezanost izlo\u017eenosti vje\u0161ta\u010dkom svijetlu no\u0107u&#8230; s rakom dojke i prostate&#8221;, rekao je Manolis Kogevinas, istra\u017eiva\u010d na Institutu i koordinator istra\u017eivanja.<\/p>\n<p>Istra\u017eivanje Instituta za globalno zdravlje pokazuje da visoka izlo\u017eenost plavom svijetlu pove\u0107ava rizik od raka dojke i raka prostate izme\u0111u 1,5 do 2 puta.<\/p>\n<p>U slu\u010daju pametnih telefona i tableta, rizik je najve\u0107i pri gledanju u ekran u mraku.<\/p>\n<p>Proizvo\u0111a\u010di pametnih telefona i laptopa poput Apple, Microsoft i Google ugra\u0111uju filtere za plavo svjetlo koje se mo\u017ee uklju\u010diti na ure\u0111aju.<\/p>\n","protected":false},"excerpt":{"rendered":"<p>Plavo svjietlo koje emituju pametni telefoni i tableti pretvoriti molekule u o\u010dima u ubice \u0107elija<\/p>\n","protected":false},"author":1,"featured_media":0,"comment_status":"open","ping_status":"closed","sticky":false,"template":"","format":"standard","meta":{"_seopress_robots_primary_cat":"","_seopress_titles_title":"","_seopress_titles_desc":"","_seopress_robots_index":"","_et_pb_use_builder":"","_et_pb_old_content":"","_et_gb_content_width":"","inline_featured_image":false,"footnotes":""},"categories":[8],"tags":[],"class_list":["post-259345","post","type-post","status-publish","format-standard","hentry","category-svastara"],"_links":{"self":[{"href":"https:\/\/www.pcnen.com\/portal\/wp-json\/wp\/v2\/posts\/259345","targetHints":{"allow":["GET"]}}],"collection":[{"href":"https:\/\/www.pcnen.com\/portal\/wp-json\/wp\/v2\/posts"}],"about":[{"href":"https:\/\/www.pcnen.com\/portal\/wp-json\/wp\/v2\/types\/post"}],"author":[{"embeddable":true,"href":"https:\/\/www.pcnen.com\/portal\/wp-json\/wp\/v2\/users\/1"}],"replies":[{"embeddable":true,"href":"https:\/\/www.pcnen.com\/portal\/wp-json\/wp\/v2\/comments?post=259345"}],"version-history":[{"count":0,"href":"https:\/\/www.pcnen.com\/portal\/wp-json\/wp\/v2\/posts\/259345\/revisions"}],"wp:attachment":[{"href":"https:\/\/www.pcnen.com\/portal\/wp-json\/wp\/v2\/media?parent=259345"}],"wp:term":[{"taxonomy":"category","embeddable":true,"href":"https:\/\/www.pcnen.com\/portal\/wp-json\/wp\/v2\/categories?post=259345"},{"taxonomy":"post_tag","embeddable":true,"href":"https:\/\/www.pcnen.com\/portal\/wp-json\/wp\/v2\/tags?post=259345"}],"curies":[{"name":"wp","href":"https:\/\/api.w.org\/{rel}","templated":true}]}}