{"id":258940,"date":"2018-12-30T08:22:51","date_gmt":"2018-12-30T07:22:51","guid":{"rendered":"http:\/\/www.pcnen.com\/portal\/?p=258940"},"modified":"2018-12-30T08:23:59","modified_gmt":"2018-12-30T07:23:59","slug":"crna-gora-duzna-103-000-eura-dusku-saricu","status":"publish","type":"post","link":"https:\/\/www.pcnen.com\/portal\/2018\/12\/30\/crna-gora-duzna-103-000-eura-dusku-saricu\/","title":{"rendered":"Crna Gora \u2018du\u017ena\u2019 103.000 eura Du\u0161ku \u0160ari\u0107u"},"content":{"rendered":"<p><img loading=\"lazy\" decoding=\"async\" class=\"alignright size-full wp-image-133765\" src=\"http:\/\/www.pcnen.com\/portal\/wp-content\/uploads\/2013\/12\/novac-e1546154551675.jpg\" alt=\"\" width=\"300\" height=\"225\" \/>Dr\u017eava Crna Gora \u0107e, ako ostane na snazi presuda pljevaljskog Osnovnog suda, morati da plati 103.000 eura Du\u0161ku \u0160ari\u0107u, na ra\u010dun od\u0161tete zbog neosnovanog pritvora.<\/p>\n<p>Presuda je donesena nakon \u0161to je \u0160ari\u0107 oslobo\u0111en svih optu\u017ebi za pranje novca, pi\u0161e podgori\u010dki dnevnik Dan.<\/p>\n<p>\u0160ari\u0107 je tra\u017eio da mu dr\u017eava zbog neosnovanog dr\u017eanja u pritvoru plati 200 hiljada eura.<\/p>\n<p>Du\u0161ko \u0160ari\u0107 je ro\u0111eni brat Darka \u0160ari\u0107a, koji je nedavno u Beogradu, u ponovljenom postupku, \u00a0<a href=\"http:\/\/www.pcnen.com\/portal\/2018\/12\/10\/darko-saric-osuden-na-15-godina-zatvora\/\">osu\u0111en za \u0161verc kokaina na 15 godina zatvora<\/a>.<\/p>\n","protected":false},"excerpt":{"rendered":"<p>\u0160ari\u0107 je tra\u017eio da mu dr\u017eava zbog neosnovanog dr\u017eanja u pritvoru plati 200 hiljada eura<\/p>\n","protected":false},"author":1,"featured_media":0,"comment_status":"open","ping_status":"closed","sticky":false,"template":"","format":"standard","meta":{"_seopress_robots_primary_cat":"","_seopress_titles_title":"","_seopress_titles_desc":"","_seopress_robots_index":"","_et_pb_use_builder":"","_et_pb_old_content":"","_et_gb_content_width":"","inline_featured_image":false,"footnotes":""},"categories":[14,12],"tags":[],"class_list":["post-258940","post","type-post","status-publish","format-standard","hentry","category-vijesti","category-prica-dana"],"_links":{"self":[{"href":"https:\/\/www.pcnen.com\/portal\/wp-json\/wp\/v2\/posts\/258940","targetHints":{"allow":["GET"]}}],"collection":[{"href":"https:\/\/www.pcnen.com\/portal\/wp-json\/wp\/v2\/posts"}],"about":[{"href":"https:\/\/www.pcnen.com\/portal\/wp-json\/wp\/v2\/types\/post"}],"author":[{"embeddable":true,"href":"https:\/\/www.pcnen.com\/portal\/wp-json\/wp\/v2\/users\/1"}],"replies":[{"embeddable":true,"href":"https:\/\/www.pcnen.com\/portal\/wp-json\/wp\/v2\/comments?post=258940"}],"version-history":[{"count":0,"href":"https:\/\/www.pcnen.com\/portal\/wp-json\/wp\/v2\/posts\/258940\/revisions"}],"wp:attachment":[{"href":"https:\/\/www.pcnen.com\/portal\/wp-json\/wp\/v2\/media?parent=258940"}],"wp:term":[{"taxonomy":"category","embeddable":true,"href":"https:\/\/www.pcnen.com\/portal\/wp-json\/wp\/v2\/categories?post=258940"},{"taxonomy":"post_tag","embeddable":true,"href":"https:\/\/www.pcnen.com\/portal\/wp-json\/wp\/v2\/tags?post=258940"}],"curies":[{"name":"wp","href":"https:\/\/api.w.org\/{rel}","templated":true}]}}